{"id":7350,"date":"2024-03-28T19:13:49","date_gmt":"2024-03-28T18:13:49","guid":{"rendered":"https:\/\/adeashr.com\/jornada-en-la-uoc-con-profesionales-de-la-busqueda-de-talento\/"},"modified":"2026-02-17T18:26:13","modified_gmt":"2026-02-17T17:26:13","slug":"jornada-en-la-uoc-con-profesionales-de-la-busqueda-de-talento","status":"publish","type":"post","link":"https:\/\/adeashr.com\/en\/jornada-en-la-uoc-con-profesionales-de-la-busqueda-de-talento\/","title":{"rendered":"Jornada en la UOC con Profesionales de la B\u00fasqueda de Talento"},"content":{"rendered":"<div class=\"wpb-content-wrapper\"><p>[vc_row][vc_column][vc_column_text css=&#8221;&#8221;]<\/p>\n<div class=\"texto-noticia\">\n<p>El jueves 21 de marzo, tuvimos el placer de participar en la J<strong>ornada Presencial con Profesionales de la B\u00fasqueda de Talento<\/strong> organizada por la Universitat Oberta de Catalunya, donde analizamos el panorama laboral actual y exploramos diversas tem\u00e1ticas relevantes.<\/p>\n<p>Durante esta enriquecedora sesi\u00f3n informativa, profundizamos en las tendencias m\u00e1s relevantes del mercado laboral, las competencias necesarias para destacar y los perfiles m\u00e1s demandados por las empresas. Adem\u00e1s, dedicamos tiempo a abordar las inquietudes comunes sobre la proyecci\u00f3n profesional y los procesos de selecci\u00f3n.<\/p>\n<p>Queremos destacar la importancia y el valor de estos espacios de aprendizaje y debate, as\u00ed como reconocer el esfuerzo y la dedicaci\u00f3n de la Universitat Oberta de Catalunya por promoverlos.<\/p>\n<p>Agradecemos sinceramente haber sido convocados y extendemos nuestro agradecimiento a todos los participantes del evento por su contribuci\u00f3n y participaci\u00f3n activa.<\/p>\n<p>\u00a1Esperamos que esta colaboraci\u00f3n haya sido enriquecedora para todos los involucrados y esperamos con entusiasmo futuros encuentros similares!<\/p>\n<p>&nbsp;<\/p>\n<p>#UOC #Networking #CarreraProfesional<\/p>\n<\/div>\n<p>[\/vc_column_text][\/vc_column][\/vc_row][vc_row][vc_column][vc_single_image image=&#8221;7129&#8243; img_size=&#8221;full&#8221; alignment=&#8221;center&#8221; css=&#8221;&#8221;][\/vc_column][\/vc_row][vc_row css=&#8221;.vc_custom_1762198282592{margin-top: 35px !important;margin-bottom: 35px !important;}&#8221;][vc_column][vc_btn title=&#8221;Conoce nuestros servicios&#8221; color=&#8221;primary&#8221; align=&#8221;center&#8221; css=&#8221;&#8221; link=&#8221;url:https%3A%2F%2Fadeashr.com%2Fservicios%2F&#8221;][\/vc_column][\/vc_row]<\/p>\n<\/div>","protected":false},"excerpt":{"rendered":"<p>El jueves 21 de marzo, tuvimos el placer de participar en la Jornada Presencial con Profesionales de la B\u00fasqueda de Talento organizada por la Universitat Oberta de Catalunya, donde analizamos el panorama laboral actual y exploramos diversas tem\u00e1ticas relevantes.<\/p>\n","protected":false},"author":2,"featured_media":7129,"comment_status":"closed","ping_status":"closed","sticky":false,"template":"","format":"standard","meta":{"footnotes":""},"categories":[59],"tags":[],"class_list":["post-7350","post","type-post","status-publish","format-standard","has-post-thumbnail","hentry","category-blog-en","category-59","description-off"],"yoast_head":"<!-- This site is optimized with the Yoast SEO plugin v27.1.1 - https:\/\/yoast.com\/product\/yoast-seo-wordpress\/ -->\n<title>Jornada con profesionales b\u00fasqueda de Talento -Adeas Hr-<\/title>\n<meta name=\"description\" content=\"Participamos en la Jornada en la UOC con profesionales de la b\u00fasqueda de Talento donde analizamos el panorama laboral actual.\" \/>\n<meta name=\"robots\" content=\"index, follow, max-snippet:-1, max-image-preview:large, max-video-preview:-1\" \/>\n<link rel=\"canonical\" href=\"https:\/\/adeashr.com\/en\/jornada-en-la-uoc-con-profesionales-de-la-busqueda-de-talento\/\" \/>\n<meta property=\"og:locale\" content=\"en_US\" \/>\n<meta property=\"og:type\" content=\"article\" \/>\n<meta property=\"og:title\" content=\"Jornada con profesionales b\u00fasqueda de Talento -Adeas Hr-\" \/>\n<meta property=\"og:description\" content=\"Participamos en la Jornada en la UOC con profesionales de la b\u00fasqueda de Talento donde analizamos el panorama laboral actual.\" \/>\n<meta property=\"og:url\" content=\"https:\/\/adeashr.com\/en\/jornada-en-la-uoc-con-profesionales-de-la-busqueda-de-talento\/\" \/>\n<meta property=\"og:site_name\" content=\"AdeasRH\" \/>\n<meta property=\"article:published_time\" content=\"2024-03-28T18:13:49+00:00\" \/>\n<meta property=\"article:modified_time\" content=\"2026-02-17T17:26:13+00:00\" \/>\n<meta property=\"og:image\" content=\"https:\/\/adeashr.com\/wp-content\/uploads\/2024\/03\/Jornada_UOC-adeasHr-800x800-1.jpg\" \/>\n\t<meta property=\"og:image:width\" content=\"800\" \/>\n\t<meta property=\"og:image:height\" content=\"800\" \/>\n\t<meta property=\"og:image:type\" content=\"image\/jpeg\" \/>\n<meta name=\"author\" content=\"s.bascon\" \/>\n<meta name=\"twitter:card\" content=\"summary_large_image\" \/>\n<meta name=\"twitter:label1\" content=\"Written by\" \/>\n\t<meta name=\"twitter:data1\" content=\"s.bascon\" \/>\n\t<meta name=\"twitter:label2\" content=\"Est. reading time\" \/>\n\t<meta name=\"twitter:data2\" content=\"1 minute\" \/>\n<script type=\"application\/ld+json\" class=\"yoast-schema-graph\">{\"@context\":\"https:\/\/schema.org\",\"@graph\":[{\"@type\":\"Article\",\"@id\":\"https:\/\/adeashr.com\/en\/jornada-en-la-uoc-con-profesionales-de-la-busqueda-de-talento\/#article\",\"isPartOf\":{\"@id\":\"https:\/\/adeashr.com\/en\/jornada-en-la-uoc-con-profesionales-de-la-busqueda-de-talento\/\"},\"author\":{\"name\":\"s.bascon\",\"@id\":\"https:\/\/adeashr.com\/#\/schema\/person\/48c1402eeda51ac1b12b0a018bef04fb\"},\"headline\":\"Jornada en la UOC con Profesionales de la B\u00fasqueda de Talento\",\"datePublished\":\"2024-03-28T18:13:49+00:00\",\"dateModified\":\"2026-02-17T17:26:13+00:00\",\"mainEntityOfPage\":{\"@id\":\"https:\/\/adeashr.com\/en\/jornada-en-la-uoc-con-profesionales-de-la-busqueda-de-talento\/\"},\"wordCount\":249,\"image\":{\"@id\":\"https:\/\/adeashr.com\/en\/jornada-en-la-uoc-con-profesionales-de-la-busqueda-de-talento\/#primaryimage\"},\"thumbnailUrl\":\"https:\/\/adeashr.com\/wp-content\/uploads\/2024\/03\/Jornada_UOC-adeasHr-800x800-1.jpg\",\"articleSection\":[\"Blog\"],\"inLanguage\":\"en-US\"},{\"@type\":\"WebPage\",\"@id\":\"https:\/\/adeashr.com\/en\/jornada-en-la-uoc-con-profesionales-de-la-busqueda-de-talento\/\",\"url\":\"https:\/\/adeashr.com\/en\/jornada-en-la-uoc-con-profesionales-de-la-busqueda-de-talento\/\",\"name\":\"Jornada con profesionales b\u00fasqueda de Talento -Adeas Hr-\",\"isPartOf\":{\"@id\":\"https:\/\/adeashr.com\/#website\"},\"primaryImageOfPage\":{\"@id\":\"https:\/\/adeashr.com\/en\/jornada-en-la-uoc-con-profesionales-de-la-busqueda-de-talento\/#primaryimage\"},\"image\":{\"@id\":\"https:\/\/adeashr.com\/en\/jornada-en-la-uoc-con-profesionales-de-la-busqueda-de-talento\/#primaryimage\"},\"thumbnailUrl\":\"https:\/\/adeashr.com\/wp-content\/uploads\/2024\/03\/Jornada_UOC-adeasHr-800x800-1.jpg\",\"datePublished\":\"2024-03-28T18:13:49+00:00\",\"dateModified\":\"2026-02-17T17:26:13+00:00\",\"author\":{\"@id\":\"https:\/\/adeashr.com\/#\/schema\/person\/48c1402eeda51ac1b12b0a018bef04fb\"},\"description\":\"Participamos en la Jornada en la UOC con profesionales de la b\u00fasqueda de Talento donde analizamos el panorama laboral actual.\",\"breadcrumb\":{\"@id\":\"https:\/\/adeashr.com\/en\/jornada-en-la-uoc-con-profesionales-de-la-busqueda-de-talento\/#breadcrumb\"},\"inLanguage\":\"en-US\",\"potentialAction\":[{\"@type\":\"ReadAction\",\"target\":[\"https:\/\/adeashr.com\/en\/jornada-en-la-uoc-con-profesionales-de-la-busqueda-de-talento\/\"]}]},{\"@type\":\"ImageObject\",\"inLanguage\":\"en-US\",\"@id\":\"https:\/\/adeashr.com\/en\/jornada-en-la-uoc-con-profesionales-de-la-busqueda-de-talento\/#primaryimage\",\"url\":\"https:\/\/adeashr.com\/wp-content\/uploads\/2024\/03\/Jornada_UOC-adeasHr-800x800-1.jpg\",\"contentUrl\":\"https:\/\/adeashr.com\/wp-content\/uploads\/2024\/03\/Jornada_UOC-adeasHr-800x800-1.jpg\",\"width\":800,\"height\":800,\"caption\":\"Jornada UOC\"},{\"@type\":\"BreadcrumbList\",\"@id\":\"https:\/\/adeashr.com\/en\/jornada-en-la-uoc-con-profesionales-de-la-busqueda-de-talento\/#breadcrumb\",\"itemListElement\":[{\"@type\":\"ListItem\",\"position\":1,\"name\":\"Portada\",\"item\":\"https:\/\/adeashr.com\/en\/\"},{\"@type\":\"ListItem\",\"position\":2,\"name\":\"Jornada en la UOC con Profesionales de la B\u00fasqueda de Talento\"}]},{\"@type\":\"WebSite\",\"@id\":\"https:\/\/adeashr.com\/#website\",\"url\":\"https:\/\/adeashr.com\/\",\"name\":\"Adeas HR\",\"description\":\"Recursos Humanos Barcelona\",\"potentialAction\":[{\"@type\":\"SearchAction\",\"target\":{\"@type\":\"EntryPoint\",\"urlTemplate\":\"https:\/\/adeashr.com\/?s={search_term_string}\"},\"query-input\":{\"@type\":\"PropertyValueSpecification\",\"valueRequired\":true,\"valueName\":\"search_term_string\"}}],\"inLanguage\":\"en-US\"},{\"@type\":\"Person\",\"@id\":\"https:\/\/adeashr.com\/#\/schema\/person\/48c1402eeda51ac1b12b0a018bef04fb\",\"name\":\"s.bascon\",\"image\":{\"@type\":\"ImageObject\",\"inLanguage\":\"en-US\",\"@id\":\"https:\/\/adeashr.com\/#\/schema\/person\/image\/\",\"url\":\"https:\/\/secure.gravatar.com\/avatar\/e8dab0ac617b31013790aba77d3585a0fc0040d861b8f20b54660334fea26d66?s=96&d=mm&r=g\",\"contentUrl\":\"https:\/\/secure.gravatar.com\/avatar\/e8dab0ac617b31013790aba77d3585a0fc0040d861b8f20b54660334fea26d66?s=96&d=mm&r=g\",\"caption\":\"s.bascon\"},\"url\":\"https:\/\/adeashr.com\/en\/author\/s-bascon\/\"}]}<\/script>\n<!-- \/ Yoast SEO plugin. -->","yoast_head_json":{"title":"Jornada con profesionales b\u00fasqueda de Talento -Adeas Hr-","description":"Participamos en la Jornada en la UOC con profesionales de la b\u00fasqueda de Talento donde analizamos el panorama laboral actual.","robots":{"index":"index","follow":"follow","max-snippet":"max-snippet:-1","max-image-preview":"max-image-preview:large","max-video-preview":"max-video-preview:-1"},"canonical":"https:\/\/adeashr.com\/en\/jornada-en-la-uoc-con-profesionales-de-la-busqueda-de-talento\/","og_locale":"en_US","og_type":"article","og_title":"Jornada con profesionales b\u00fasqueda de Talento -Adeas Hr-","og_description":"Participamos en la Jornada en la UOC con profesionales de la b\u00fasqueda de Talento donde analizamos el panorama laboral actual.","og_url":"https:\/\/adeashr.com\/en\/jornada-en-la-uoc-con-profesionales-de-la-busqueda-de-talento\/","og_site_name":"AdeasRH","article_published_time":"2024-03-28T18:13:49+00:00","article_modified_time":"2026-02-17T17:26:13+00:00","og_image":[{"width":800,"height":800,"url":"https:\/\/adeashr.com\/wp-content\/uploads\/2024\/03\/Jornada_UOC-adeasHr-800x800-1.jpg","type":"image\/jpeg"}],"author":"s.bascon","twitter_card":"summary_large_image","twitter_misc":{"Written by":"s.bascon","Est. reading time":"1 minute"},"schema":{"@context":"https:\/\/schema.org","@graph":[{"@type":"Article","@id":"https:\/\/adeashr.com\/en\/jornada-en-la-uoc-con-profesionales-de-la-busqueda-de-talento\/#article","isPartOf":{"@id":"https:\/\/adeashr.com\/en\/jornada-en-la-uoc-con-profesionales-de-la-busqueda-de-talento\/"},"author":{"name":"s.bascon","@id":"https:\/\/adeashr.com\/#\/schema\/person\/48c1402eeda51ac1b12b0a018bef04fb"},"headline":"Jornada en la UOC con Profesionales de la B\u00fasqueda de Talento","datePublished":"2024-03-28T18:13:49+00:00","dateModified":"2026-02-17T17:26:13+00:00","mainEntityOfPage":{"@id":"https:\/\/adeashr.com\/en\/jornada-en-la-uoc-con-profesionales-de-la-busqueda-de-talento\/"},"wordCount":249,"image":{"@id":"https:\/\/adeashr.com\/en\/jornada-en-la-uoc-con-profesionales-de-la-busqueda-de-talento\/#primaryimage"},"thumbnailUrl":"https:\/\/adeashr.com\/wp-content\/uploads\/2024\/03\/Jornada_UOC-adeasHr-800x800-1.jpg","articleSection":["Blog"],"inLanguage":"en-US"},{"@type":"WebPage","@id":"https:\/\/adeashr.com\/en\/jornada-en-la-uoc-con-profesionales-de-la-busqueda-de-talento\/","url":"https:\/\/adeashr.com\/en\/jornada-en-la-uoc-con-profesionales-de-la-busqueda-de-talento\/","name":"Jornada con profesionales b\u00fasqueda de Talento -Adeas Hr-","isPartOf":{"@id":"https:\/\/adeashr.com\/#website"},"primaryImageOfPage":{"@id":"https:\/\/adeashr.com\/en\/jornada-en-la-uoc-con-profesionales-de-la-busqueda-de-talento\/#primaryimage"},"image":{"@id":"https:\/\/adeashr.com\/en\/jornada-en-la-uoc-con-profesionales-de-la-busqueda-de-talento\/#primaryimage"},"thumbnailUrl":"https:\/\/adeashr.com\/wp-content\/uploads\/2024\/03\/Jornada_UOC-adeasHr-800x800-1.jpg","datePublished":"2024-03-28T18:13:49+00:00","dateModified":"2026-02-17T17:26:13+00:00","author":{"@id":"https:\/\/adeashr.com\/#\/schema\/person\/48c1402eeda51ac1b12b0a018bef04fb"},"description":"Participamos en la Jornada en la UOC con profesionales de la b\u00fasqueda de Talento donde analizamos el panorama laboral actual.","breadcrumb":{"@id":"https:\/\/adeashr.com\/en\/jornada-en-la-uoc-con-profesionales-de-la-busqueda-de-talento\/#breadcrumb"},"inLanguage":"en-US","potentialAction":[{"@type":"ReadAction","target":["https:\/\/adeashr.com\/en\/jornada-en-la-uoc-con-profesionales-de-la-busqueda-de-talento\/"]}]},{"@type":"ImageObject","inLanguage":"en-US","@id":"https:\/\/adeashr.com\/en\/jornada-en-la-uoc-con-profesionales-de-la-busqueda-de-talento\/#primaryimage","url":"https:\/\/adeashr.com\/wp-content\/uploads\/2024\/03\/Jornada_UOC-adeasHr-800x800-1.jpg","contentUrl":"https:\/\/adeashr.com\/wp-content\/uploads\/2024\/03\/Jornada_UOC-adeasHr-800x800-1.jpg","width":800,"height":800,"caption":"Jornada UOC"},{"@type":"BreadcrumbList","@id":"https:\/\/adeashr.com\/en\/jornada-en-la-uoc-con-profesionales-de-la-busqueda-de-talento\/#breadcrumb","itemListElement":[{"@type":"ListItem","position":1,"name":"Portada","item":"https:\/\/adeashr.com\/en\/"},{"@type":"ListItem","position":2,"name":"Jornada en la UOC con Profesionales de la B\u00fasqueda de Talento"}]},{"@type":"WebSite","@id":"https:\/\/adeashr.com\/#website","url":"https:\/\/adeashr.com\/","name":"Adeas HR","description":"Recursos Humanos Barcelona","potentialAction":[{"@type":"SearchAction","target":{"@type":"EntryPoint","urlTemplate":"https:\/\/adeashr.com\/?s={search_term_string}"},"query-input":{"@type":"PropertyValueSpecification","valueRequired":true,"valueName":"search_term_string"}}],"inLanguage":"en-US"},{"@type":"Person","@id":"https:\/\/adeashr.com\/#\/schema\/person\/48c1402eeda51ac1b12b0a018bef04fb","name":"s.bascon","image":{"@type":"ImageObject","inLanguage":"en-US","@id":"https:\/\/adeashr.com\/#\/schema\/person\/image\/","url":"https:\/\/secure.gravatar.com\/avatar\/e8dab0ac617b31013790aba77d3585a0fc0040d861b8f20b54660334fea26d66?s=96&d=mm&r=g","contentUrl":"https:\/\/secure.gravatar.com\/avatar\/e8dab0ac617b31013790aba77d3585a0fc0040d861b8f20b54660334fea26d66?s=96&d=mm&r=g","caption":"s.bascon"},"url":"https:\/\/adeashr.com\/en\/author\/s-bascon\/"}]}},"_links":{"self":[{"href":"https:\/\/adeashr.com\/en\/wp-json\/wp\/v2\/posts\/7350","targetHints":{"allow":["GET"]}}],"collection":[{"href":"https:\/\/adeashr.com\/en\/wp-json\/wp\/v2\/posts"}],"about":[{"href":"https:\/\/adeashr.com\/en\/wp-json\/wp\/v2\/types\/post"}],"author":[{"embeddable":true,"href":"https:\/\/adeashr.com\/en\/wp-json\/wp\/v2\/users\/2"}],"replies":[{"embeddable":true,"href":"https:\/\/adeashr.com\/en\/wp-json\/wp\/v2\/comments?post=7350"}],"version-history":[{"count":5,"href":"https:\/\/adeashr.com\/en\/wp-json\/wp\/v2\/posts\/7350\/revisions"}],"predecessor-version":[{"id":10447,"href":"https:\/\/adeashr.com\/en\/wp-json\/wp\/v2\/posts\/7350\/revisions\/10447"}],"wp:featuredmedia":[{"embeddable":true,"href":"https:\/\/adeashr.com\/en\/wp-json\/wp\/v2\/media\/7129"}],"wp:attachment":[{"href":"https:\/\/adeashr.com\/en\/wp-json\/wp\/v2\/media?parent=7350"}],"wp:term":[{"taxonomy":"category","embeddable":true,"href":"https:\/\/adeashr.com\/en\/wp-json\/wp\/v2\/categories?post=7350"},{"taxonomy":"post_tag","embeddable":true,"href":"https:\/\/adeashr.com\/en\/wp-json\/wp\/v2\/tags?post=7350"}],"curies":[{"name":"wp","href":"https:\/\/api.w.org\/{rel}","templated":true}]}}