{"id":7328,"date":"2023-04-02T19:13:49","date_gmt":"2023-04-02T17:13:49","guid":{"rendered":"https:\/\/adeashr.com\/conveni-amb-accio\/"},"modified":"2026-02-17T18:30:15","modified_gmt":"2026-02-17T17:30:15","slug":"conveni-amb-accio","status":"publish","type":"post","link":"https:\/\/adeashr.com\/ca\/conveni-amb-accio\/","title":{"rendered":"Conveni amb Acci\u00f3"},"content":{"rendered":"<div class=\"wpb-content-wrapper\"><p>[vc_row][vc_column][vc_single_image image=&#8221;7102&#8243; img_size=&#8221;full&#8221; alignment=&#8221;center&#8221; css=&#8221;&#8221;][\/vc_column][\/vc_row][vc_row][vc_column]<div id=\"ultimate-heading-466969f2af12e42c2\" class=\"uvc-heading ult-adjust-bottom-margin ultimate-heading-466969f2af12e42c2 uvc-4881  uvc-heading-default-font-sizes\" data-hspacer=\"no_spacer\"  data-halign=\"left\" style=\"text-align:left\"><div class=\"uvc-heading-spacer no_spacer\" style=\"top\"><\/div><div class=\"uvc-main-heading ult-responsive\"  data-ultimate-target='.uvc-heading.ultimate-heading-466969f2af12e42c2 h2'  data-responsive-json-new='{\"font-size\":\"\",\"line-height\":\"\"}' ><h2 style=\"font-weight:bold;color:#2680c5;\">Avui celebrem la renovaci\u00f3 del nostre conveni amb Acci\u00f3<\/h2><\/div><\/div>[vc_column_text css=&#8221;&#8221;]Avui formem l&#8217;empresa del dem\u00e0. Ens complau haver renovat el conveni amb Acci\u00f3, despr\u00e9s de m\u00e9s de 5 anys junts! Qu\u00e8 \u00e9s Acci\u00f3? \u00c9s un referent p\u00fablic que contribueix a la transformaci\u00f3 de les empreses catalanes. I des d&#8217;Adeas HR, tenim l&#8217;honor de donar el nostre suport dins d&#8217;Acci\u00f3, oferint serveis especialitzats en l&#8217;\u00e0rea de RRHH . Sumant els nostres esfor\u00e7os, treballem conjuntament per assolir els seg\u00fcents tres objectius:<\/p>\n<ul>\n<li>Incrementar la productivitat de l&#8217;empresa catalana.<\/li>\n<li>Acompanyar-la en els seus reptes de transformaci\u00f3 i posicionament global.<\/li>\n<li>Refor\u00e7ar l&#8217;atractivitat de Catalunya com a destinaci\u00f3 d&#8217;inversions d&#8217;alt valor afegit.<\/li>\n<\/ul>\n<p>[\/vc_column_text][vc_column_text css=&#8221;&#8221;]<\/p>\n<p style=\"text-align: justify;\">Seguim avan\u00e7ant cap a nous \u00e8xits, treballant units per impulsar el creixement i el desenvolupament de les empreses catalanes!<\/p>\n<p>[\/vc_column_text][\/vc_column][\/vc_row]<\/p>\n<\/div>","protected":false},"excerpt":{"rendered":"<p>Avui formem l\u2019empresa del dem\u00e0. Ens complau haver renovat el conveni amb Acci\u00f3, despr\u00e9s de m\u00e9s de 5 anys junts! Qu\u00e8 \u00e9s Acci\u00f3? \u00c9s un referent p\u00fablic que contribueix a la transformaci\u00f3 de les empreses catalanes.<\/p>\n","protected":false},"author":2,"featured_media":7102,"comment_status":"closed","ping_status":"closed","sticky":false,"template":"","format":"standard","meta":{"footnotes":""},"categories":[58],"tags":[],"class_list":["post-7328","post","type-post","status-publish","format-standard","has-post-thumbnail","hentry","category-blog-ca","category-58","description-off"],"yoast_head":"<!-- This site is optimized with the Yoast SEO plugin v27.1.1 - https:\/\/yoast.com\/product\/yoast-seo-wordpress\/ -->\n<title>Conveni amb Acci\u00f3 -AdeasHr-<\/title>\n<meta name=\"description\" content=\"Avui celebrem la renovaci\u00f3 del nostre conveni amb Acci\u00f3. M\u00e9s de 5 anys col\u00b7laborant junts! Adeas Hr.\" \/>\n<meta name=\"robots\" content=\"index, follow, max-snippet:-1, max-image-preview:large, max-video-preview:-1\" \/>\n<link rel=\"canonical\" href=\"https:\/\/adeashr.com\/ca\/conveni-amb-accio\/\" \/>\n<meta property=\"og:locale\" content=\"ca_ES\" \/>\n<meta property=\"og:type\" content=\"article\" \/>\n<meta property=\"og:title\" content=\"Conveni amb Acci\u00f3 -AdeasHr-\" \/>\n<meta property=\"og:description\" content=\"Avui celebrem la renovaci\u00f3 del nostre conveni amb Acci\u00f3. M\u00e9s de 5 anys col\u00b7laborant junts! Adeas Hr.\" \/>\n<meta property=\"og:url\" content=\"https:\/\/adeashr.com\/ca\/conveni-amb-accio\/\" \/>\n<meta property=\"og:site_name\" content=\"Adeas RH\" \/>\n<meta property=\"article:published_time\" content=\"2023-04-02T17:13:49+00:00\" \/>\n<meta property=\"article:modified_time\" content=\"2026-02-17T17:30:15+00:00\" \/>\n<meta property=\"og:image\" content=\"https:\/\/adeashr.com\/wp-content\/uploads\/2023\/03\/conveni_accio-adeashr-800x800-1.jpg\" \/>\n\t<meta property=\"og:image:width\" content=\"800\" \/>\n\t<meta property=\"og:image:height\" content=\"800\" \/>\n\t<meta property=\"og:image:type\" content=\"image\/jpeg\" \/>\n<meta name=\"author\" content=\"s.bascon\" \/>\n<meta name=\"twitter:card\" content=\"summary_large_image\" \/>\n<meta name=\"twitter:label1\" content=\"Escrit per\" \/>\n\t<meta name=\"twitter:data1\" content=\"s.bascon\" \/>\n\t<meta name=\"twitter:label2\" content=\"Temps estimat de lectura\" \/>\n\t<meta name=\"twitter:data2\" content=\"2 minuts\" \/>\n<script type=\"application\/ld+json\" class=\"yoast-schema-graph\">{\"@context\":\"https:\/\/schema.org\",\"@graph\":[{\"@type\":\"Article\",\"@id\":\"https:\/\/adeashr.com\/ca\/conveni-amb-accio\/#article\",\"isPartOf\":{\"@id\":\"https:\/\/adeashr.com\/ca\/conveni-amb-accio\/\"},\"author\":{\"name\":\"s.bascon\",\"@id\":\"https:\/\/adeashr.com\/#\/schema\/person\/48c1402eeda51ac1b12b0a018bef04fb\"},\"headline\":\"Conveni amb Acci\u00f3\",\"datePublished\":\"2023-04-02T17:13:49+00:00\",\"dateModified\":\"2026-02-17T17:30:15+00:00\",\"mainEntityOfPage\":{\"@id\":\"https:\/\/adeashr.com\/ca\/conveni-amb-accio\/\"},\"wordCount\":207,\"image\":{\"@id\":\"https:\/\/adeashr.com\/ca\/conveni-amb-accio\/#primaryimage\"},\"thumbnailUrl\":\"https:\/\/adeashr.com\/wp-content\/uploads\/2023\/03\/conveni_accio-adeashr-800x800-1.jpg\",\"articleSection\":[\"Blog\"],\"inLanguage\":\"ca\"},{\"@type\":\"WebPage\",\"@id\":\"https:\/\/adeashr.com\/ca\/conveni-amb-accio\/\",\"url\":\"https:\/\/adeashr.com\/ca\/conveni-amb-accio\/\",\"name\":\"Conveni amb Acci\u00f3 -AdeasHr-\",\"isPartOf\":{\"@id\":\"https:\/\/adeashr.com\/#website\"},\"primaryImageOfPage\":{\"@id\":\"https:\/\/adeashr.com\/ca\/conveni-amb-accio\/#primaryimage\"},\"image\":{\"@id\":\"https:\/\/adeashr.com\/ca\/conveni-amb-accio\/#primaryimage\"},\"thumbnailUrl\":\"https:\/\/adeashr.com\/wp-content\/uploads\/2023\/03\/conveni_accio-adeashr-800x800-1.jpg\",\"datePublished\":\"2023-04-02T17:13:49+00:00\",\"dateModified\":\"2026-02-17T17:30:15+00:00\",\"author\":{\"@id\":\"https:\/\/adeashr.com\/#\/schema\/person\/48c1402eeda51ac1b12b0a018bef04fb\"},\"description\":\"Avui celebrem la renovaci\u00f3 del nostre conveni amb Acci\u00f3. M\u00e9s de 5 anys col\u00b7laborant junts! Adeas Hr.\",\"breadcrumb\":{\"@id\":\"https:\/\/adeashr.com\/ca\/conveni-amb-accio\/#breadcrumb\"},\"inLanguage\":\"ca\",\"potentialAction\":[{\"@type\":\"ReadAction\",\"target\":[\"https:\/\/adeashr.com\/ca\/conveni-amb-accio\/\"]}]},{\"@type\":\"ImageObject\",\"inLanguage\":\"ca\",\"@id\":\"https:\/\/adeashr.com\/ca\/conveni-amb-accio\/#primaryimage\",\"url\":\"https:\/\/adeashr.com\/wp-content\/uploads\/2023\/03\/conveni_accio-adeashr-800x800-1.jpg\",\"contentUrl\":\"https:\/\/adeashr.com\/wp-content\/uploads\/2023\/03\/conveni_accio-adeashr-800x800-1.jpg\",\"width\":800,\"height\":800,\"caption\":\"Conveni amb Acci\u00f3 Adeas HR\"},{\"@type\":\"BreadcrumbList\",\"@id\":\"https:\/\/adeashr.com\/ca\/conveni-amb-accio\/#breadcrumb\",\"itemListElement\":[{\"@type\":\"ListItem\",\"position\":1,\"name\":\"Portada\",\"item\":\"https:\/\/adeashr.com\/ca\/\"},{\"@type\":\"ListItem\",\"position\":2,\"name\":\"Conveni amb Acci\u00f3\"}]},{\"@type\":\"WebSite\",\"@id\":\"https:\/\/adeashr.com\/#website\",\"url\":\"https:\/\/adeashr.com\/\",\"name\":\"Adeas HR\",\"description\":\"Recursos Humanos\",\"potentialAction\":[{\"@type\":\"SearchAction\",\"target\":{\"@type\":\"EntryPoint\",\"urlTemplate\":\"https:\/\/adeashr.com\/?s={search_term_string}\"},\"query-input\":{\"@type\":\"PropertyValueSpecification\",\"valueRequired\":true,\"valueName\":\"search_term_string\"}}],\"inLanguage\":\"ca\"},{\"@type\":\"Person\",\"@id\":\"https:\/\/adeashr.com\/#\/schema\/person\/48c1402eeda51ac1b12b0a018bef04fb\",\"name\":\"s.bascon\",\"image\":{\"@type\":\"ImageObject\",\"inLanguage\":\"ca\",\"@id\":\"https:\/\/adeashr.com\/#\/schema\/person\/image\/\",\"url\":\"https:\/\/secure.gravatar.com\/avatar\/e8dab0ac617b31013790aba77d3585a0fc0040d861b8f20b54660334fea26d66?s=96&d=mm&r=g\",\"contentUrl\":\"https:\/\/secure.gravatar.com\/avatar\/e8dab0ac617b31013790aba77d3585a0fc0040d861b8f20b54660334fea26d66?s=96&d=mm&r=g\",\"caption\":\"s.bascon\"},\"url\":\"https:\/\/adeashr.com\/ca\/author\/s-bascon\/\"}]}<\/script>\n<!-- \/ Yoast SEO plugin. -->","yoast_head_json":{"title":"Conveni amb Acci\u00f3 -AdeasHr-","description":"Avui celebrem la renovaci\u00f3 del nostre conveni amb Acci\u00f3. M\u00e9s de 5 anys col\u00b7laborant junts! Adeas Hr.","robots":{"index":"index","follow":"follow","max-snippet":"max-snippet:-1","max-image-preview":"max-image-preview:large","max-video-preview":"max-video-preview:-1"},"canonical":"https:\/\/adeashr.com\/ca\/conveni-amb-accio\/","og_locale":"ca_ES","og_type":"article","og_title":"Conveni amb Acci\u00f3 -AdeasHr-","og_description":"Avui celebrem la renovaci\u00f3 del nostre conveni amb Acci\u00f3. M\u00e9s de 5 anys col\u00b7laborant junts! Adeas Hr.","og_url":"https:\/\/adeashr.com\/ca\/conveni-amb-accio\/","og_site_name":"Adeas RH","article_published_time":"2023-04-02T17:13:49+00:00","article_modified_time":"2026-02-17T17:30:15+00:00","og_image":[{"width":800,"height":800,"url":"https:\/\/adeashr.com\/wp-content\/uploads\/2023\/03\/conveni_accio-adeashr-800x800-1.jpg","type":"image\/jpeg"}],"author":"s.bascon","twitter_card":"summary_large_image","twitter_misc":{"Escrit per":"s.bascon","Temps estimat de lectura":"2 minuts"},"schema":{"@context":"https:\/\/schema.org","@graph":[{"@type":"Article","@id":"https:\/\/adeashr.com\/ca\/conveni-amb-accio\/#article","isPartOf":{"@id":"https:\/\/adeashr.com\/ca\/conveni-amb-accio\/"},"author":{"name":"s.bascon","@id":"https:\/\/adeashr.com\/#\/schema\/person\/48c1402eeda51ac1b12b0a018bef04fb"},"headline":"Conveni amb Acci\u00f3","datePublished":"2023-04-02T17:13:49+00:00","dateModified":"2026-02-17T17:30:15+00:00","mainEntityOfPage":{"@id":"https:\/\/adeashr.com\/ca\/conveni-amb-accio\/"},"wordCount":207,"image":{"@id":"https:\/\/adeashr.com\/ca\/conveni-amb-accio\/#primaryimage"},"thumbnailUrl":"https:\/\/adeashr.com\/wp-content\/uploads\/2023\/03\/conveni_accio-adeashr-800x800-1.jpg","articleSection":["Blog"],"inLanguage":"ca"},{"@type":"WebPage","@id":"https:\/\/adeashr.com\/ca\/conveni-amb-accio\/","url":"https:\/\/adeashr.com\/ca\/conveni-amb-accio\/","name":"Conveni amb Acci\u00f3 -AdeasHr-","isPartOf":{"@id":"https:\/\/adeashr.com\/#website"},"primaryImageOfPage":{"@id":"https:\/\/adeashr.com\/ca\/conveni-amb-accio\/#primaryimage"},"image":{"@id":"https:\/\/adeashr.com\/ca\/conveni-amb-accio\/#primaryimage"},"thumbnailUrl":"https:\/\/adeashr.com\/wp-content\/uploads\/2023\/03\/conveni_accio-adeashr-800x800-1.jpg","datePublished":"2023-04-02T17:13:49+00:00","dateModified":"2026-02-17T17:30:15+00:00","author":{"@id":"https:\/\/adeashr.com\/#\/schema\/person\/48c1402eeda51ac1b12b0a018bef04fb"},"description":"Avui celebrem la renovaci\u00f3 del nostre conveni amb Acci\u00f3. M\u00e9s de 5 anys col\u00b7laborant junts! Adeas Hr.","breadcrumb":{"@id":"https:\/\/adeashr.com\/ca\/conveni-amb-accio\/#breadcrumb"},"inLanguage":"ca","potentialAction":[{"@type":"ReadAction","target":["https:\/\/adeashr.com\/ca\/conveni-amb-accio\/"]}]},{"@type":"ImageObject","inLanguage":"ca","@id":"https:\/\/adeashr.com\/ca\/conveni-amb-accio\/#primaryimage","url":"https:\/\/adeashr.com\/wp-content\/uploads\/2023\/03\/conveni_accio-adeashr-800x800-1.jpg","contentUrl":"https:\/\/adeashr.com\/wp-content\/uploads\/2023\/03\/conveni_accio-adeashr-800x800-1.jpg","width":800,"height":800,"caption":"Conveni amb Acci\u00f3 Adeas HR"},{"@type":"BreadcrumbList","@id":"https:\/\/adeashr.com\/ca\/conveni-amb-accio\/#breadcrumb","itemListElement":[{"@type":"ListItem","position":1,"name":"Portada","item":"https:\/\/adeashr.com\/ca\/"},{"@type":"ListItem","position":2,"name":"Conveni amb Acci\u00f3"}]},{"@type":"WebSite","@id":"https:\/\/adeashr.com\/#website","url":"https:\/\/adeashr.com\/","name":"Adeas HR","description":"Recursos Humanos","potentialAction":[{"@type":"SearchAction","target":{"@type":"EntryPoint","urlTemplate":"https:\/\/adeashr.com\/?s={search_term_string}"},"query-input":{"@type":"PropertyValueSpecification","valueRequired":true,"valueName":"search_term_string"}}],"inLanguage":"ca"},{"@type":"Person","@id":"https:\/\/adeashr.com\/#\/schema\/person\/48c1402eeda51ac1b12b0a018bef04fb","name":"s.bascon","image":{"@type":"ImageObject","inLanguage":"ca","@id":"https:\/\/adeashr.com\/#\/schema\/person\/image\/","url":"https:\/\/secure.gravatar.com\/avatar\/e8dab0ac617b31013790aba77d3585a0fc0040d861b8f20b54660334fea26d66?s=96&d=mm&r=g","contentUrl":"https:\/\/secure.gravatar.com\/avatar\/e8dab0ac617b31013790aba77d3585a0fc0040d861b8f20b54660334fea26d66?s=96&d=mm&r=g","caption":"s.bascon"},"url":"https:\/\/adeashr.com\/ca\/author\/s-bascon\/"}]}},"_links":{"self":[{"href":"https:\/\/adeashr.com\/ca\/wp-json\/wp\/v2\/posts\/7328","targetHints":{"allow":["GET"]}}],"collection":[{"href":"https:\/\/adeashr.com\/ca\/wp-json\/wp\/v2\/posts"}],"about":[{"href":"https:\/\/adeashr.com\/ca\/wp-json\/wp\/v2\/types\/post"}],"author":[{"embeddable":true,"href":"https:\/\/adeashr.com\/ca\/wp-json\/wp\/v2\/users\/2"}],"replies":[{"embeddable":true,"href":"https:\/\/adeashr.com\/ca\/wp-json\/wp\/v2\/comments?post=7328"}],"version-history":[{"count":5,"href":"https:\/\/adeashr.com\/ca\/wp-json\/wp\/v2\/posts\/7328\/revisions"}],"predecessor-version":[{"id":10471,"href":"https:\/\/adeashr.com\/ca\/wp-json\/wp\/v2\/posts\/7328\/revisions\/10471"}],"wp:featuredmedia":[{"embeddable":true,"href":"https:\/\/adeashr.com\/ca\/wp-json\/wp\/v2\/media\/7102"}],"wp:attachment":[{"href":"https:\/\/adeashr.com\/ca\/wp-json\/wp\/v2\/media?parent=7328"}],"wp:term":[{"taxonomy":"category","embeddable":true,"href":"https:\/\/adeashr.com\/ca\/wp-json\/wp\/v2\/categories?post=7328"},{"taxonomy":"post_tag","embeddable":true,"href":"https:\/\/adeashr.com\/ca\/wp-json\/wp\/v2\/tags?post=7328"}],"curies":[{"name":"wp","href":"https:\/\/api.w.org\/{rel}","templated":true}]}}