{"id":7291,"date":"2022-12-30T18:53:08","date_gmt":"2022-12-30T17:53:08","guid":{"rendered":"https:\/\/adeashr.com\/especializarse-en-un-empleo\/"},"modified":"2026-02-17T18:33:14","modified_gmt":"2026-02-17T17:33:14","slug":"especializarse-en-un-empleo","status":"publish","type":"post","link":"https:\/\/adeashr.com\/ca\/especializarse-en-un-empleo\/","title":{"rendered":"Especializarse en un empleo: \u00bfEs buena idea? Pros y contras de hacerlo"},"content":{"rendered":"<div class=\"wpb-content-wrapper\"><p>[vc_row][vc_column][vc_single_image image=&#8221;6341&#8243; img_size=&#8221;full&#8221; alignment=&#8221;center&#8221;][\/vc_column][\/vc_row][vc_row][vc_column][vc_column_text]<\/p>\n<p style=\"text-align: justify;\">De entrada,\u00a0<strong>especializarse<\/strong>\u00a0en un campo concreto puede suponer una\u00a0<strong>ventaja competitiva<\/strong>\u00a0para cualquier trabajador. La demanda, la innovaci\u00f3n o las tecnolog\u00edas convierten el mercado en un sistema muy complejo. Las empresas necesitan adaptarse constantemente y surgen\u00a0<strong>nuevas necesidades<\/strong>. Sin embargo, la\u00a0<strong>globalizaci\u00f3n<\/strong>\u00a0de las econom\u00edas mundiales, la constante\u00a0<strong>incertidumbre<\/strong>\u00a0y esa vertiginosa\u00a0<strong>tendencia al cambio<\/strong>, tambi\u00e9n exige\u00a0<strong>perfiles multidisciplinares<\/strong>, flexibles y adaptables a cualquier circunstancia. Analicemos, por lo tanto, esta dicotom\u00eda.<\/p>\n<p>[\/vc_column_text][\/vc_column][\/vc_row][vc_row][vc_column]<div id=\"ultimate-heading-38569f48a7f24067\" class=\"uvc-heading ult-adjust-bottom-margin ultimate-heading-38569f48a7f24067 uvc-4958 \" data-hspacer=\"no_spacer\"  data-halign=\"left\" style=\"text-align:left\"><div class=\"uvc-heading-spacer no_spacer\" style=\"top\"><\/div><div class=\"uvc-main-heading ult-responsive\"  data-ultimate-target='.uvc-heading.ultimate-heading-38569f48a7f24067 h2'  data-responsive-json-new='{\"font-size\":\"desktop:22px;\",\"line-height\":\"\"}' ><h2 style=\"font-weight:bold;color:#2680c5;margin-bottom:20px;\">La ventaja de especializarse y convertirse en un experto<\/h2><\/div><\/div>[vc_column_text]<\/p>\n<div class=\"texto-noticia\">\n<p style=\"text-align: justify;\">La realidad de las empresas es clara y contundente:\u00a0<strong>faltan profesionales<\/strong>. De hecho,\u00a0<strong>en algunos sectores\u00a0<\/strong>esta\u00a0<strong>situaci\u00f3n\u00a0<\/strong>es ya muy\u00a0<strong>cr\u00edtica<\/strong>. Las empresas deben acudir a profesionales venidos del exterior o a costosos y complejos planes de formaci\u00f3n que no resuelven los problemas a corto plazo.<\/p>\n<p style=\"text-align: justify;\">Por ello, en sus\u00a0<strong>procesos de selecci\u00f3n\u00a0<\/strong>buscan constantemente<strong>\u00a0profesionales especializados<\/strong>. Perfiles muy t\u00e9cnicos, dif\u00edciles de encontrar. Expertos en materias concretas, con\u00a0<strong>conocimientos<\/strong>\u00a0avanzados en\u00a0<strong>procesos y procedimientos novedosos<\/strong>.<\/p>\n<p style=\"text-align: justify;\">Est\u00e1 claro que hoy en d\u00eda la\u00a0<strong>especializaci\u00f3n profesional\u00a0<\/strong>puede suponer una enorme ventaja. Realizar\u00a0formaci\u00f3n espec\u00edfica, adquirir experiencia y encaminar la carrera profesional hacia un aspecto concreto del mercado, sin duda puede abrir muchas puertas. Es un buen momento para especializarse. Para\u00a0<strong>convertirse en un experto<\/strong>, en una referencia o un l\u00edder a medio plazo. En un trabajador que aporte, en definitiva, gran valor a\u00f1adido.<\/p>\n<p style=\"text-align: justify;\">Por \u00faltimo, no debemos olvidar las\u00a0<strong>posibilidades que ofrece la tecnolog\u00eda<\/strong>\u00a0y su inabarcable universo. Es, sin duda,\u00a0el campo con mayores opciones de especializaci\u00f3n\u00a0en el corto y medio plazo. Las empresas ya compiten en\u00a0<strong>mercados cada vez m\u00e1s complejos<\/strong>, m\u00e1s globales e innovadores, y la\u00a0<strong>diferenciaci\u00f3n\u00a0<\/strong>la aportar\u00e1n profesionales expertos y especializados:\u00a0<strong>trabajadores capaces de innovar<\/strong>\u00a0porque cuentan con el conocimiento y el\u00a0<em>know how<\/em>\u00a0adecuado para hacerlo.<\/p>\n<p style=\"text-align: justify;\">\n<\/div>\n<p>[\/vc_column_text][\/vc_column][\/vc_row][vc_row][vc_column]<div id=\"ultimate-heading-122769f48a7f24174\" class=\"uvc-heading ult-adjust-bottom-margin ultimate-heading-122769f48a7f24174 uvc-7673 \" data-hspacer=\"no_spacer\"  data-halign=\"left\" style=\"text-align:left\"><div class=\"uvc-heading-spacer no_spacer\" style=\"top\"><\/div><div class=\"uvc-main-heading ult-responsive\"  data-ultimate-target='.uvc-heading.ultimate-heading-122769f48a7f24174 h2'  data-responsive-json-new='{\"font-size\":\"desktop:22px;\",\"line-height\":\"\"}' ><h2 style=\"font-weight:bold;color:#2680c5;margin-bottom:20px;\">El problema del especialista en un mundo de secundarios<\/h2><\/div><\/div>[vc_column_text]<\/p>\n<div class=\"texto-noticia\">\n<p style=\"text-align: justify;\">Especializarse en un determinado campo, convertirse en experto y acumular conocimientos y experiencia en una materia concreta, sin duda genera muchas oportunidades, pero tambi\u00e9n alg\u00fan<strong>\u00a0inconveniente<\/strong>. Debemos tener esto en cuenta, pues las caracter\u00edsticas del\u00a0<strong>mercado<\/strong>\u00a0tambi\u00e9n\u00a0<strong>demandan mucha flexibilidad\u00a0<\/strong>y capacidad de\u00a0<strong>adaptaci\u00f3n<\/strong>. Tambi\u00e9n requiere\u00a0<strong>profesionales todoterreno<\/strong>, con capacidades y habilidades que muchas veces chocan con el perfil del trabajador experto o especialista.<\/p>\n<p style=\"text-align: justify;\">Algunos de los\u00a0<strong>riesgos<\/strong>\u00a0que asumimos al\u00a0<strong>convertirnos en un trabajador muy especializado<\/strong>\u00a0pueden ser los siguientes:<\/p>\n<ul style=\"text-align: justify;\">\n<li><strong>Poca capacidad de adaptabilidad:<\/strong>\u00a0como dec\u00edamos, las empresas necesitan contar con una plantilla capaz de trabajar en diferentes contextos. Capaz de participar en proyectos diversos o en diferentes fases del mismo. Trabajadores que quiz\u00e1s no sean especialistas en nada en concreto, pero que s\u00ed puedan aportar mucho valor ante necesidades y objetivos distintos. Deberemos decidir qu\u00e9 tipo de profesional queremos ser.<\/li>\n<li><strong>Desactualizaci\u00f3n de nuestra\u00a0<em>expertise:<\/em><\/strong>\u00a0dado que el entorno es tan cambiante y evoluciona de forma tan vertiginosa, podemos correr el riesgo de dejar de ser estrat\u00e9gicos. Que nuestro conocimiento y aquellos procedimientos en los que somos expertos dejen de ser relevantes y los sustituyan otros m\u00e1s innovadores o tecnol\u00f3gicamente m\u00e1s avanzados.<\/li>\n<li><strong>Dificultades para el trabajo en equipo:<\/strong>\u00a0el experto puede dar se\u00f1ales deficitarias cuando de cooperar se trata. La necesidad de imponer sus experimentados criterios, la negativa a aceptar determinadas soluciones o las diferencias de criterio con otros especialistas o con otros compa\u00f1eros pueden entorpecer la din\u00e1mica del grupo y crear obst\u00e1culos en torno a su figura.<\/li>\n<\/ul>\n<p style=\"text-align: justify;\">Especializarse o no. Es, sin duda, una cuesti\u00f3n capital. Atender a las demandas del entorno al que nos dirigimos y en el que queramos participar ser\u00e1, sin duda, la clave para desentra\u00f1ar ese dilema.<\/p>\n<p>&nbsp;<\/p>\n<p>Fuente: Javier F. Parra<\/p>\n<p style=\"text-align: justify;\">\n<\/div>\n<p>[\/vc_column_text][\/vc_column][\/vc_row]<\/p>\n<\/div>","protected":false},"excerpt":{"rendered":"<p>De entrada, especializarse en un campo concreto puede suponer una ventaja competitiva para cualquier trabajador. La demanda, la innovaci\u00f3n o las tecnolog\u00edas convierten el mercado en un sistema muy complejo<\/p>\n","protected":false},"author":2,"featured_media":7289,"comment_status":"closed","ping_status":"closed","sticky":false,"template":"","format":"standard","meta":{"footnotes":""},"categories":[58],"tags":[],"class_list":["post-7291","post","type-post","status-publish","format-standard","has-post-thumbnail","hentry","category-blog-ca","category-58","description-off"],"yoast_head":"<!-- This site is optimized with the Yoast SEO plugin v27.1.1 - https:\/\/yoast.com\/product\/yoast-seo-wordpress\/ -->\n<title>Especializarse en un empleo: \u00bfEs buena idea? -Adeas Hr-<\/title>\n<meta name=\"description\" content=\"Especializarse en un empleo: \u00bfEs buena idea? Pros y contras de hacerlo. De la mano de nuestro equipo especializado te lo explicamos.\" \/>\n<meta name=\"robots\" content=\"index, follow, max-snippet:-1, max-image-preview:large, max-video-preview:-1\" \/>\n<link rel=\"canonical\" href=\"https:\/\/adeashr.com\/ca\/especializarse-en-un-empleo\/\" \/>\n<meta property=\"og:locale\" content=\"ca_ES\" \/>\n<meta property=\"og:type\" content=\"article\" \/>\n<meta property=\"og:title\" content=\"Especializarse en un empleo: \u00bfEs buena idea? -Adeas Hr-\" \/>\n<meta property=\"og:description\" content=\"Especializarse en un empleo: \u00bfEs buena idea? Pros y contras de hacerlo. De la mano de nuestro equipo especializado te lo explicamos.\" \/>\n<meta property=\"og:url\" content=\"https:\/\/adeashr.com\/ca\/especializarse-en-un-empleo\/\" \/>\n<meta property=\"og:site_name\" content=\"Adeas RH\" \/>\n<meta property=\"article:published_time\" content=\"2022-12-30T17:53:08+00:00\" \/>\n<meta property=\"article:modified_time\" content=\"2026-02-17T17:33:14+00:00\" \/>\n<meta property=\"og:image\" content=\"https:\/\/adeashr.com\/wp-content\/uploads\/2024\/04\/Especializacion_empleo_adeasHr-420x420-1.jpg\" \/>\n\t<meta property=\"og:image:width\" content=\"420\" \/>\n\t<meta property=\"og:image:height\" content=\"420\" \/>\n\t<meta property=\"og:image:type\" content=\"image\/jpeg\" \/>\n<meta name=\"author\" content=\"s.bascon\" \/>\n<meta name=\"twitter:card\" content=\"summary_large_image\" \/>\n<meta name=\"twitter:label1\" content=\"Escrit per\" \/>\n\t<meta name=\"twitter:data1\" content=\"s.bascon\" \/>\n\t<meta name=\"twitter:label2\" content=\"Temps estimat de lectura\" \/>\n\t<meta name=\"twitter:data2\" content=\"4 minuts\" \/>\n<script type=\"application\/ld+json\" class=\"yoast-schema-graph\">{\"@context\":\"https:\/\/schema.org\",\"@graph\":[{\"@type\":\"Article\",\"@id\":\"https:\/\/adeashr.com\/ca\/especializarse-en-un-empleo\/#article\",\"isPartOf\":{\"@id\":\"https:\/\/adeashr.com\/ca\/especializarse-en-un-empleo\/\"},\"author\":{\"name\":\"s.bascon\",\"@id\":\"https:\/\/adeashr.com\/#\/schema\/person\/48c1402eeda51ac1b12b0a018bef04fb\"},\"headline\":\"Especializarse en un empleo: \u00bfEs buena idea? Pros y contras de hacerlo\",\"datePublished\":\"2022-12-30T17:53:08+00:00\",\"dateModified\":\"2026-02-17T17:33:14+00:00\",\"mainEntityOfPage\":{\"@id\":\"https:\/\/adeashr.com\/ca\/especializarse-en-un-empleo\/\"},\"wordCount\":768,\"image\":{\"@id\":\"https:\/\/adeashr.com\/ca\/especializarse-en-un-empleo\/#primaryimage\"},\"thumbnailUrl\":\"https:\/\/adeashr.com\/wp-content\/uploads\/2024\/04\/Especializacion_empleo_adeasHr-420x420-1.jpg\",\"articleSection\":[\"Blog\"],\"inLanguage\":\"ca\"},{\"@type\":\"WebPage\",\"@id\":\"https:\/\/adeashr.com\/ca\/especializarse-en-un-empleo\/\",\"url\":\"https:\/\/adeashr.com\/ca\/especializarse-en-un-empleo\/\",\"name\":\"Especializarse en un empleo: \u00bfEs buena idea? -Adeas Hr-\",\"isPartOf\":{\"@id\":\"https:\/\/adeashr.com\/#website\"},\"primaryImageOfPage\":{\"@id\":\"https:\/\/adeashr.com\/ca\/especializarse-en-un-empleo\/#primaryimage\"},\"image\":{\"@id\":\"https:\/\/adeashr.com\/ca\/especializarse-en-un-empleo\/#primaryimage\"},\"thumbnailUrl\":\"https:\/\/adeashr.com\/wp-content\/uploads\/2024\/04\/Especializacion_empleo_adeasHr-420x420-1.jpg\",\"datePublished\":\"2022-12-30T17:53:08+00:00\",\"dateModified\":\"2026-02-17T17:33:14+00:00\",\"author\":{\"@id\":\"https:\/\/adeashr.com\/#\/schema\/person\/48c1402eeda51ac1b12b0a018bef04fb\"},\"description\":\"Especializarse en un empleo: \u00bfEs buena idea? Pros y contras de hacerlo. De la mano de nuestro equipo especializado te lo explicamos.\",\"breadcrumb\":{\"@id\":\"https:\/\/adeashr.com\/ca\/especializarse-en-un-empleo\/#breadcrumb\"},\"inLanguage\":\"ca\",\"potentialAction\":[{\"@type\":\"ReadAction\",\"target\":[\"https:\/\/adeashr.com\/ca\/especializarse-en-un-empleo\/\"]}]},{\"@type\":\"ImageObject\",\"inLanguage\":\"ca\",\"@id\":\"https:\/\/adeashr.com\/ca\/especializarse-en-un-empleo\/#primaryimage\",\"url\":\"https:\/\/adeashr.com\/wp-content\/uploads\/2024\/04\/Especializacion_empleo_adeasHr-420x420-1.jpg\",\"contentUrl\":\"https:\/\/adeashr.com\/wp-content\/uploads\/2024\/04\/Especializacion_empleo_adeasHr-420x420-1.jpg\",\"width\":420,\"height\":420,\"caption\":\"Especializaci\u00f3n empleo -Adeas Hr-\"},{\"@type\":\"BreadcrumbList\",\"@id\":\"https:\/\/adeashr.com\/ca\/especializarse-en-un-empleo\/#breadcrumb\",\"itemListElement\":[{\"@type\":\"ListItem\",\"position\":1,\"name\":\"Portada\",\"item\":\"https:\/\/adeashr.com\/ca\/\"},{\"@type\":\"ListItem\",\"position\":2,\"name\":\"Especializarse en un empleo: \u00bfEs buena idea? Pros y contras de hacerlo\"}]},{\"@type\":\"WebSite\",\"@id\":\"https:\/\/adeashr.com\/#website\",\"url\":\"https:\/\/adeashr.com\/\",\"name\":\"Adeas HR\",\"description\":\"Recursos Humanos\",\"potentialAction\":[{\"@type\":\"SearchAction\",\"target\":{\"@type\":\"EntryPoint\",\"urlTemplate\":\"https:\/\/adeashr.com\/?s={search_term_string}\"},\"query-input\":{\"@type\":\"PropertyValueSpecification\",\"valueRequired\":true,\"valueName\":\"search_term_string\"}}],\"inLanguage\":\"ca\"},{\"@type\":\"Person\",\"@id\":\"https:\/\/adeashr.com\/#\/schema\/person\/48c1402eeda51ac1b12b0a018bef04fb\",\"name\":\"s.bascon\",\"image\":{\"@type\":\"ImageObject\",\"inLanguage\":\"ca\",\"@id\":\"https:\/\/adeashr.com\/#\/schema\/person\/image\/\",\"url\":\"https:\/\/secure.gravatar.com\/avatar\/e8dab0ac617b31013790aba77d3585a0fc0040d861b8f20b54660334fea26d66?s=96&d=mm&r=g\",\"contentUrl\":\"https:\/\/secure.gravatar.com\/avatar\/e8dab0ac617b31013790aba77d3585a0fc0040d861b8f20b54660334fea26d66?s=96&d=mm&r=g\",\"caption\":\"s.bascon\"},\"url\":\"https:\/\/adeashr.com\/ca\/author\/s-bascon\/\"}]}<\/script>\n<!-- \/ Yoast SEO plugin. -->","yoast_head_json":{"title":"Especializarse en un empleo: \u00bfEs buena idea? -Adeas Hr-","description":"Especializarse en un empleo: \u00bfEs buena idea? Pros y contras de hacerlo. De la mano de nuestro equipo especializado te lo explicamos.","robots":{"index":"index","follow":"follow","max-snippet":"max-snippet:-1","max-image-preview":"max-image-preview:large","max-video-preview":"max-video-preview:-1"},"canonical":"https:\/\/adeashr.com\/ca\/especializarse-en-un-empleo\/","og_locale":"ca_ES","og_type":"article","og_title":"Especializarse en un empleo: \u00bfEs buena idea? -Adeas Hr-","og_description":"Especializarse en un empleo: \u00bfEs buena idea? Pros y contras de hacerlo. De la mano de nuestro equipo especializado te lo explicamos.","og_url":"https:\/\/adeashr.com\/ca\/especializarse-en-un-empleo\/","og_site_name":"Adeas RH","article_published_time":"2022-12-30T17:53:08+00:00","article_modified_time":"2026-02-17T17:33:14+00:00","og_image":[{"width":420,"height":420,"url":"https:\/\/adeashr.com\/wp-content\/uploads\/2024\/04\/Especializacion_empleo_adeasHr-420x420-1.jpg","type":"image\/jpeg"}],"author":"s.bascon","twitter_card":"summary_large_image","twitter_misc":{"Escrit per":"s.bascon","Temps estimat de lectura":"4 minuts"},"schema":{"@context":"https:\/\/schema.org","@graph":[{"@type":"Article","@id":"https:\/\/adeashr.com\/ca\/especializarse-en-un-empleo\/#article","isPartOf":{"@id":"https:\/\/adeashr.com\/ca\/especializarse-en-un-empleo\/"},"author":{"name":"s.bascon","@id":"https:\/\/adeashr.com\/#\/schema\/person\/48c1402eeda51ac1b12b0a018bef04fb"},"headline":"Especializarse en un empleo: \u00bfEs buena idea? Pros y contras de hacerlo","datePublished":"2022-12-30T17:53:08+00:00","dateModified":"2026-02-17T17:33:14+00:00","mainEntityOfPage":{"@id":"https:\/\/adeashr.com\/ca\/especializarse-en-un-empleo\/"},"wordCount":768,"image":{"@id":"https:\/\/adeashr.com\/ca\/especializarse-en-un-empleo\/#primaryimage"},"thumbnailUrl":"https:\/\/adeashr.com\/wp-content\/uploads\/2024\/04\/Especializacion_empleo_adeasHr-420x420-1.jpg","articleSection":["Blog"],"inLanguage":"ca"},{"@type":"WebPage","@id":"https:\/\/adeashr.com\/ca\/especializarse-en-un-empleo\/","url":"https:\/\/adeashr.com\/ca\/especializarse-en-un-empleo\/","name":"Especializarse en un empleo: \u00bfEs buena idea? -Adeas Hr-","isPartOf":{"@id":"https:\/\/adeashr.com\/#website"},"primaryImageOfPage":{"@id":"https:\/\/adeashr.com\/ca\/especializarse-en-un-empleo\/#primaryimage"},"image":{"@id":"https:\/\/adeashr.com\/ca\/especializarse-en-un-empleo\/#primaryimage"},"thumbnailUrl":"https:\/\/adeashr.com\/wp-content\/uploads\/2024\/04\/Especializacion_empleo_adeasHr-420x420-1.jpg","datePublished":"2022-12-30T17:53:08+00:00","dateModified":"2026-02-17T17:33:14+00:00","author":{"@id":"https:\/\/adeashr.com\/#\/schema\/person\/48c1402eeda51ac1b12b0a018bef04fb"},"description":"Especializarse en un empleo: \u00bfEs buena idea? Pros y contras de hacerlo. De la mano de nuestro equipo especializado te lo explicamos.","breadcrumb":{"@id":"https:\/\/adeashr.com\/ca\/especializarse-en-un-empleo\/#breadcrumb"},"inLanguage":"ca","potentialAction":[{"@type":"ReadAction","target":["https:\/\/adeashr.com\/ca\/especializarse-en-un-empleo\/"]}]},{"@type":"ImageObject","inLanguage":"ca","@id":"https:\/\/adeashr.com\/ca\/especializarse-en-un-empleo\/#primaryimage","url":"https:\/\/adeashr.com\/wp-content\/uploads\/2024\/04\/Especializacion_empleo_adeasHr-420x420-1.jpg","contentUrl":"https:\/\/adeashr.com\/wp-content\/uploads\/2024\/04\/Especializacion_empleo_adeasHr-420x420-1.jpg","width":420,"height":420,"caption":"Especializaci\u00f3n empleo -Adeas Hr-"},{"@type":"BreadcrumbList","@id":"https:\/\/adeashr.com\/ca\/especializarse-en-un-empleo\/#breadcrumb","itemListElement":[{"@type":"ListItem","position":1,"name":"Portada","item":"https:\/\/adeashr.com\/ca\/"},{"@type":"ListItem","position":2,"name":"Especializarse en un empleo: \u00bfEs buena idea? Pros y contras de hacerlo"}]},{"@type":"WebSite","@id":"https:\/\/adeashr.com\/#website","url":"https:\/\/adeashr.com\/","name":"Adeas HR","description":"Recursos Humanos","potentialAction":[{"@type":"SearchAction","target":{"@type":"EntryPoint","urlTemplate":"https:\/\/adeashr.com\/?s={search_term_string}"},"query-input":{"@type":"PropertyValueSpecification","valueRequired":true,"valueName":"search_term_string"}}],"inLanguage":"ca"},{"@type":"Person","@id":"https:\/\/adeashr.com\/#\/schema\/person\/48c1402eeda51ac1b12b0a018bef04fb","name":"s.bascon","image":{"@type":"ImageObject","inLanguage":"ca","@id":"https:\/\/adeashr.com\/#\/schema\/person\/image\/","url":"https:\/\/secure.gravatar.com\/avatar\/e8dab0ac617b31013790aba77d3585a0fc0040d861b8f20b54660334fea26d66?s=96&d=mm&r=g","contentUrl":"https:\/\/secure.gravatar.com\/avatar\/e8dab0ac617b31013790aba77d3585a0fc0040d861b8f20b54660334fea26d66?s=96&d=mm&r=g","caption":"s.bascon"},"url":"https:\/\/adeashr.com\/ca\/author\/s-bascon\/"}]}},"_links":{"self":[{"href":"https:\/\/adeashr.com\/ca\/wp-json\/wp\/v2\/posts\/7291","targetHints":{"allow":["GET"]}}],"collection":[{"href":"https:\/\/adeashr.com\/ca\/wp-json\/wp\/v2\/posts"}],"about":[{"href":"https:\/\/adeashr.com\/ca\/wp-json\/wp\/v2\/types\/post"}],"author":[{"embeddable":true,"href":"https:\/\/adeashr.com\/ca\/wp-json\/wp\/v2\/users\/2"}],"replies":[{"embeddable":true,"href":"https:\/\/adeashr.com\/ca\/wp-json\/wp\/v2\/comments?post=7291"}],"version-history":[{"count":2,"href":"https:\/\/adeashr.com\/ca\/wp-json\/wp\/v2\/posts\/7291\/revisions"}],"predecessor-version":[{"id":10485,"href":"https:\/\/adeashr.com\/ca\/wp-json\/wp\/v2\/posts\/7291\/revisions\/10485"}],"wp:featuredmedia":[{"embeddable":true,"href":"https:\/\/adeashr.com\/ca\/wp-json\/wp\/v2\/media\/7289"}],"wp:attachment":[{"href":"https:\/\/adeashr.com\/ca\/wp-json\/wp\/v2\/media?parent=7291"}],"wp:term":[{"taxonomy":"category","embeddable":true,"href":"https:\/\/adeashr.com\/ca\/wp-json\/wp\/v2\/categories?post=7291"},{"taxonomy":"post_tag","embeddable":true,"href":"https:\/\/adeashr.com\/ca\/wp-json\/wp\/v2\/tags?post=7291"}],"curies":[{"name":"wp","href":"https:\/\/api.w.org\/{rel}","templated":true}]}}