{"id":7279,"date":"2022-12-10T18:31:26","date_gmt":"2022-12-10T17:31:26","guid":{"rendered":"https:\/\/adeashr.com\/que-es-una-agenda-de-busqueda-de-empleo-y-como-elaborarla\/"},"modified":"2025-03-11T18:42:20","modified_gmt":"2025-03-11T17:42:20","slug":"que-es-una-agenda-de-busqueda-de-empleo-y-como-elaborarla","status":"publish","type":"post","link":"https:\/\/adeashr.com\/ca\/que-es-una-agenda-de-busqueda-de-empleo-y-como-elaborarla\/","title":{"rendered":"Qu\u00e9 es una agenda de b\u00fasqueda de empleo y c\u00f3mo elaborarla"},"content":{"rendered":"<div class=\"wpb-content-wrapper\"><p>[vc_row][vc_column][vc_single_image image=&#8221;6328&#8243; img_size=&#8221;full&#8221; alignment=&#8221;center&#8221;][\/vc_column][\/vc_row][vc_row][vc_column][vc_column_text]<\/p>\n<p style=\"text-align: justify;\">\u200b\u200b\u200b\u200b\u200bLlevar una\u00a0<strong>agenda de b\u00fasqueda de empleo<\/strong>\u00a0ayuda a\u00a0<strong>planificar<\/strong>\u00a0y a generar estrategias eficaces. Puede ser en\u00a0<strong>papel<\/strong>\u00a0o en formato\u00a0<strong>online<\/strong>, pero piensa que la tecnolog\u00eda te ayuda a recuperar y\u00a0<strong>organizar<\/strong>\u00a0esos\u00a0<strong>datos clave<\/strong>: env\u00edo de\u00a0<strong>CV<\/strong>,\u00a0<strong>autocandidaturas<\/strong>, seguimiento o\u00a0<strong>entrevistas<\/strong>\u00a0de trabajo. Son muchos los\u00a0<strong>beneficios<\/strong>\u00a0de esta gesti\u00f3n del tiempo, pero el mayor es que\u00a0<strong>aumenta tu<\/strong>\u00a0<strong>motivaci\u00f3n<\/strong>\u00a0y evita la frustraci\u00f3n del proceso.<\/p>\n<p>[\/vc_column_text][\/vc_column][\/vc_row][vc_row][vc_column]<div id=\"ultimate-heading-587169f4ad732d5bb\" class=\"uvc-heading ult-adjust-bottom-margin ultimate-heading-587169f4ad732d5bb uvc-9692 \" data-hspacer=\"no_spacer\"  data-halign=\"left\" style=\"text-align:left\"><div class=\"uvc-heading-spacer no_spacer\" style=\"top\"><\/div><div class=\"uvc-main-heading ult-responsive\"  data-ultimate-target='.uvc-heading.ultimate-heading-587169f4ad732d5bb h2'  data-responsive-json-new='{\"font-size\":\"desktop:22px;\",\"line-height\":\"\"}' ><h2 style=\"font-weight:bold;color:#2680c5;margin-bottom:20px;\">Elabora tu agenda de b\u00fasqueda de empleo<\/h2><\/div><\/div>[vc_column_text]<\/p>\n<p style=\"text-align: justify;\">Si has o\u00eddo hablar de los\u00a0<strong>proyectos<\/strong>\u00a0o has trabajado con ellos, estar\u00e1s familiarizado con lo que vas a leer en este post. Al fin y al cabo, \u00bfQu\u00e9 mayor proyecto que encontrar el empleo que te realice y sit\u00fae en una buena posici\u00f3n econ\u00f3mica? Lo\u00a0<strong>m\u00e1s habitual<\/strong>\u00a0es utilizar un\u00a0<strong>excel o un calendario online<\/strong>\u00a0dise\u00f1ado ya para este objetivo con las columnas y pesta\u00f1as que necesitas. As\u00ed las partes del\u00a0<strong>documento base<\/strong>\u00a0de esta\u00a0<strong>agenda de b\u00fasqueda de empleo<\/strong>\u00a0ser\u00edan:<\/p>\n<ul>\n<li style=\"text-align: justify;\"><strong>Objetivo actual y plan de b\u00fasqueda de empleo<\/strong>, tareas a realizar y tiempos necesarios.<\/li>\n<li style=\"text-align: justify;\"><strong>Tipos de b\u00fasqueda de empleo<\/strong>: ofertas de empleo extra\u00eddas de portales web de empleo, bolsas de empleo, autocandidaturas.<\/li>\n<li style=\"text-align: justify;\"><strong>Env\u00edo de CV y seguimiento<\/strong>: aqu\u00ed debes crear columnas en las que ir registrando la fecha de env\u00edo, datos de la empresa, el tipo de CV que has enviado adaptado a la oferta, la persona responsable en la selecci\u00f3n si lo sabes y un espacio para anotar alg\u00fan otro dato relevante.<\/li>\n<li style=\"text-align: justify;\"><strong>Entrevista de trabajo<\/strong>: aqu\u00ed debes incluir toda la informaci\u00f3n valiosa para superar el proceso de selecci\u00f3n as\u00ed como el cronograma previsto por parte de la empresa. Piensa que normalmente estar\u00e1s compaginando distintos procesos de reclutamiento y es crucial que manejes los tiempos a tu favor.<\/li>\n<li style=\"text-align: justify;\"><strong>Contactos<\/strong>, nuevos o ya conocidos.<\/li>\n<li style=\"text-align: justify;\"><strong>Observaciones<\/strong>. Tanto el ecosistema laboral como las ofertas son cambiantes, as\u00ed que deja un espacio para ir registrando las variables y encontrar la oportunidad que necesitas.<\/li>\n<\/ul>\n<p style=\"text-align: justify;\">Evidentemente, tambi\u00e9n puedes organizar la informaci\u00f3n en\u00a0<strong>papel<\/strong>. Ah\u00ed ya tienes que evaluar si eres de los que se concentran m\u00e1s y mejor ante una p\u00e1gina o ante una pantalla. Sin embargo, piensa que la\u00a0<strong>tecnolog\u00eda te ofrece ventajas\u00a0<\/strong>a la hora de la recuperaci\u00f3n de los datos o de su evaluaci\u00f3n.<\/p>\n<p>[\/vc_column_text][\/vc_column][\/vc_row][vc_row][vc_column]<div id=\"ultimate-heading-420669f4ad732d667\" class=\"uvc-heading ult-adjust-bottom-margin ultimate-heading-420669f4ad732d667 uvc-9698 \" data-hspacer=\"no_spacer\"  data-halign=\"left\" style=\"text-align:left\"><div class=\"uvc-heading-spacer no_spacer\" style=\"top\"><\/div><div class=\"uvc-main-heading ult-responsive\"  data-ultimate-target='.uvc-heading.ultimate-heading-420669f4ad732d667 h2'  data-responsive-json-new='{\"font-size\":\"desktop:22px;\",\"line-height\":\"\"}' ><h2 style=\"font-weight:bold;color:#2680c5;margin-bottom:20px;\">Ventajas de llevar un registro de los avances<\/h2><\/div><\/div>[vc_column_text]<\/p>\n<p style=\"text-align: justify;\">El\u00a0<strong>beneficio principal<\/strong>\u00a0de trabajar con una\u00a0<strong>agenda de b\u00fasqueda de empleo<\/strong>\u00a0es que aumenta tu capacidad de\u00a0<strong>planificaci\u00f3n<\/strong>. Aunque en ocasiones pueda resultar tedioso elaborar listas de tareas y organizar los pasos de actuaci\u00f3n, ahorra tiempo, es decir,\u00a0<strong>convierte en<\/strong>\u00a0<strong>m\u00e1s eficaz el tiempo\u00a0<\/strong>que le dedicas a mejorar tu carrera profesional.<\/p>\n<p style=\"text-align: justify;\">Especialmente ventajoso es este control si se trata de autocandidaturas, es decir, que no has reaccionado ante la publicaci\u00f3n de una vacante sino que est\u00e1s tomando las riendas con una\u00a0<strong>actitud proactiva<\/strong>\u00a0para alcanzar el puesto que deseas. Con este control aumentas la\u00a0<strong>motivaci\u00f3n<\/strong>\u00a0al ir alcanzando\u00a0<strong>hitos diarios,<\/strong>\u00a0y evitas caer en la desorientaci\u00f3n posible derivada de no contar con una jornada laboral establecida.<\/p>\n<p style=\"text-align: justify;\">El ser humano necesita tanto las\u00a0<strong>rutinas<\/strong>\u00a0como los espacios vac\u00edos que puedan propiciar la innovaci\u00f3n. Esta\u00a0<strong>agenda de b\u00fasqueda de empleo<\/strong>\u00a0te garantiza que conseguir\u00e1s el empleo, estructurando los pasos necesarios hasta que llegues.<\/p>\n<p style=\"text-align: justify;\">Un\u00a0<strong>d\u00eda tipo<\/strong>\u00a0estar\u00eda ordenado en estas fases: comprobar las ofertas, enviar los CV, realizar el seguimiento de las solicitudes, ampliar contactos y dedicar siempre un tiempo a mejorar tu empleabilidad, con formaci\u00f3n o investigaci\u00f3n del mercado.<\/p>\n<p>[\/vc_column_text][vc_column_text]\u00bfList@ para comenzar?<\/p>\n<p>&nbsp;<\/p>\n<p>Fuente: Raque Hern\u00e1ndez[\/vc_column_text][\/vc_column][\/vc_row]<\/p>\n<\/div>","protected":false},"excerpt":{"rendered":"<p>Nulla a velit quis ex ornare rhoncus. Donec imperdiet risus justo, vel malesuada erat fermentum at. Morbi at laoreet mauris. Mauris lorem felis, gravida et vehicula congue, tempus vel justo.<\/p>\n","protected":false},"author":2,"featured_media":7300,"comment_status":"closed","ping_status":"closed","sticky":false,"template":"","format":"standard","meta":{"footnotes":""},"categories":[58],"tags":[],"class_list":["post-7279","post","type-post","status-publish","format-standard","has-post-thumbnail","hentry","category-blog-ca","category-58","description-off"],"yoast_head":"<!-- This site is optimized with the Yoast SEO plugin v27.1.1 - https:\/\/yoast.com\/product\/yoast-seo-wordpress\/ -->\n<title>\u00bfQu\u00e9 es una agenda de b\u00fasqueda de empleo? Adeas Hr<\/title>\n<meta name=\"description\" content=\"\u00bfQu\u00e9 es una agenda de b\u00fasqueda de empleo? C\u00f3mo puedes elaborar tu agenda y utiliarla. \u00a1No te lo pierdas, te lo explicamos!\" \/>\n<meta name=\"robots\" content=\"index, follow, max-snippet:-1, max-image-preview:large, max-video-preview:-1\" \/>\n<link rel=\"canonical\" href=\"https:\/\/adeashr.com\/ca\/que-es-una-agenda-de-busqueda-de-empleo-y-como-elaborarla\/\" \/>\n<meta property=\"og:locale\" content=\"ca_ES\" \/>\n<meta property=\"og:type\" content=\"article\" \/>\n<meta property=\"og:title\" content=\"\u00bfQu\u00e9 es una agenda de b\u00fasqueda de empleo? Adeas Hr\" \/>\n<meta property=\"og:description\" content=\"\u00bfQu\u00e9 es una agenda de b\u00fasqueda de empleo? C\u00f3mo puedes elaborar tu agenda y utiliarla. \u00a1No te lo pierdas, te lo explicamos!\" \/>\n<meta property=\"og:url\" content=\"https:\/\/adeashr.com\/ca\/que-es-una-agenda-de-busqueda-de-empleo-y-como-elaborarla\/\" \/>\n<meta property=\"og:site_name\" content=\"Adeas RH\" \/>\n<meta property=\"article:published_time\" content=\"2022-12-10T17:31:26+00:00\" \/>\n<meta property=\"article:modified_time\" content=\"2025-03-11T17:42:20+00:00\" \/>\n<meta property=\"og:image\" content=\"https:\/\/adeashr.com\/wp-content\/uploads\/2022\/12\/Agenda_empleo-Adeashr-.jpeg\" \/>\n\t<meta property=\"og:image:width\" content=\"420\" \/>\n\t<meta property=\"og:image:height\" content=\"420\" \/>\n\t<meta property=\"og:image:type\" content=\"image\/jpeg\" \/>\n<meta name=\"author\" content=\"s.bascon\" \/>\n<meta name=\"twitter:card\" content=\"summary_large_image\" \/>\n<meta name=\"twitter:label1\" content=\"Escrit per\" \/>\n\t<meta name=\"twitter:data1\" content=\"s.bascon\" \/>\n\t<meta name=\"twitter:label2\" content=\"Temps estimat de lectura\" \/>\n\t<meta name=\"twitter:data2\" content=\"4 minuts\" \/>\n<script type=\"application\/ld+json\" class=\"yoast-schema-graph\">{\"@context\":\"https:\/\/schema.org\",\"@graph\":[{\"@type\":\"Article\",\"@id\":\"https:\/\/adeashr.com\/ca\/que-es-una-agenda-de-busqueda-de-empleo-y-como-elaborarla\/#article\",\"isPartOf\":{\"@id\":\"https:\/\/adeashr.com\/ca\/que-es-una-agenda-de-busqueda-de-empleo-y-como-elaborarla\/\"},\"author\":{\"name\":\"s.bascon\",\"@id\":\"https:\/\/adeashr.com\/#\/schema\/person\/48c1402eeda51ac1b12b0a018bef04fb\"},\"headline\":\"Qu\u00e9 es una agenda de b\u00fasqueda de empleo y c\u00f3mo elaborarla\",\"datePublished\":\"2022-12-10T17:31:26+00:00\",\"dateModified\":\"2025-03-11T17:42:20+00:00\",\"mainEntityOfPage\":{\"@id\":\"https:\/\/adeashr.com\/ca\/que-es-una-agenda-de-busqueda-de-empleo-y-como-elaborarla\/\"},\"wordCount\":767,\"image\":{\"@id\":\"https:\/\/adeashr.com\/ca\/que-es-una-agenda-de-busqueda-de-empleo-y-como-elaborarla\/#primaryimage\"},\"thumbnailUrl\":\"https:\/\/adeashr.com\/wp-content\/uploads\/2022\/12\/Agenda_empleo-Adeashr-.jpeg\",\"articleSection\":[\"Blog\"],\"inLanguage\":\"ca\"},{\"@type\":\"WebPage\",\"@id\":\"https:\/\/adeashr.com\/ca\/que-es-una-agenda-de-busqueda-de-empleo-y-como-elaborarla\/\",\"url\":\"https:\/\/adeashr.com\/ca\/que-es-una-agenda-de-busqueda-de-empleo-y-como-elaborarla\/\",\"name\":\"\u00bfQu\u00e9 es una agenda de b\u00fasqueda de empleo? Adeas Hr\",\"isPartOf\":{\"@id\":\"https:\/\/adeashr.com\/#website\"},\"primaryImageOfPage\":{\"@id\":\"https:\/\/adeashr.com\/ca\/que-es-una-agenda-de-busqueda-de-empleo-y-como-elaborarla\/#primaryimage\"},\"image\":{\"@id\":\"https:\/\/adeashr.com\/ca\/que-es-una-agenda-de-busqueda-de-empleo-y-como-elaborarla\/#primaryimage\"},\"thumbnailUrl\":\"https:\/\/adeashr.com\/wp-content\/uploads\/2022\/12\/Agenda_empleo-Adeashr-.jpeg\",\"datePublished\":\"2022-12-10T17:31:26+00:00\",\"dateModified\":\"2025-03-11T17:42:20+00:00\",\"author\":{\"@id\":\"https:\/\/adeashr.com\/#\/schema\/person\/48c1402eeda51ac1b12b0a018bef04fb\"},\"description\":\"\u00bfQu\u00e9 es una agenda de b\u00fasqueda de empleo? C\u00f3mo puedes elaborar tu agenda y utiliarla. \u00a1No te lo pierdas, te lo explicamos!\",\"breadcrumb\":{\"@id\":\"https:\/\/adeashr.com\/ca\/que-es-una-agenda-de-busqueda-de-empleo-y-como-elaborarla\/#breadcrumb\"},\"inLanguage\":\"ca\",\"potentialAction\":[{\"@type\":\"ReadAction\",\"target\":[\"https:\/\/adeashr.com\/ca\/que-es-una-agenda-de-busqueda-de-empleo-y-como-elaborarla\/\"]}]},{\"@type\":\"ImageObject\",\"inLanguage\":\"ca\",\"@id\":\"https:\/\/adeashr.com\/ca\/que-es-una-agenda-de-busqueda-de-empleo-y-como-elaborarla\/#primaryimage\",\"url\":\"https:\/\/adeashr.com\/wp-content\/uploads\/2022\/12\/Agenda_empleo-Adeashr-.jpeg\",\"contentUrl\":\"https:\/\/adeashr.com\/wp-content\/uploads\/2022\/12\/Agenda_empleo-Adeashr-.jpeg\",\"width\":420,\"height\":420,\"caption\":\"Agenda busqueda empleo Adeas Hr\"},{\"@type\":\"BreadcrumbList\",\"@id\":\"https:\/\/adeashr.com\/ca\/que-es-una-agenda-de-busqueda-de-empleo-y-como-elaborarla\/#breadcrumb\",\"itemListElement\":[{\"@type\":\"ListItem\",\"position\":1,\"name\":\"Portada\",\"item\":\"https:\/\/adeashr.com\/ca\/\"},{\"@type\":\"ListItem\",\"position\":2,\"name\":\"Qu\u00e9 es una agenda de b\u00fasqueda de empleo y c\u00f3mo elaborarla\"}]},{\"@type\":\"WebSite\",\"@id\":\"https:\/\/adeashr.com\/#website\",\"url\":\"https:\/\/adeashr.com\/\",\"name\":\"Adeas HR\",\"description\":\"Recursos Humanos\",\"potentialAction\":[{\"@type\":\"SearchAction\",\"target\":{\"@type\":\"EntryPoint\",\"urlTemplate\":\"https:\/\/adeashr.com\/?s={search_term_string}\"},\"query-input\":{\"@type\":\"PropertyValueSpecification\",\"valueRequired\":true,\"valueName\":\"search_term_string\"}}],\"inLanguage\":\"ca\"},{\"@type\":\"Person\",\"@id\":\"https:\/\/adeashr.com\/#\/schema\/person\/48c1402eeda51ac1b12b0a018bef04fb\",\"name\":\"s.bascon\",\"image\":{\"@type\":\"ImageObject\",\"inLanguage\":\"ca\",\"@id\":\"https:\/\/adeashr.com\/#\/schema\/person\/image\/\",\"url\":\"https:\/\/secure.gravatar.com\/avatar\/e8dab0ac617b31013790aba77d3585a0fc0040d861b8f20b54660334fea26d66?s=96&d=mm&r=g\",\"contentUrl\":\"https:\/\/secure.gravatar.com\/avatar\/e8dab0ac617b31013790aba77d3585a0fc0040d861b8f20b54660334fea26d66?s=96&d=mm&r=g\",\"caption\":\"s.bascon\"},\"url\":\"https:\/\/adeashr.com\/ca\/author\/s-bascon\/\"}]}<\/script>\n<!-- \/ Yoast SEO plugin. -->","yoast_head_json":{"title":"\u00bfQu\u00e9 es una agenda de b\u00fasqueda de empleo? Adeas Hr","description":"\u00bfQu\u00e9 es una agenda de b\u00fasqueda de empleo? C\u00f3mo puedes elaborar tu agenda y utiliarla. \u00a1No te lo pierdas, te lo explicamos!","robots":{"index":"index","follow":"follow","max-snippet":"max-snippet:-1","max-image-preview":"max-image-preview:large","max-video-preview":"max-video-preview:-1"},"canonical":"https:\/\/adeashr.com\/ca\/que-es-una-agenda-de-busqueda-de-empleo-y-como-elaborarla\/","og_locale":"ca_ES","og_type":"article","og_title":"\u00bfQu\u00e9 es una agenda de b\u00fasqueda de empleo? Adeas Hr","og_description":"\u00bfQu\u00e9 es una agenda de b\u00fasqueda de empleo? C\u00f3mo puedes elaborar tu agenda y utiliarla. \u00a1No te lo pierdas, te lo explicamos!","og_url":"https:\/\/adeashr.com\/ca\/que-es-una-agenda-de-busqueda-de-empleo-y-como-elaborarla\/","og_site_name":"Adeas RH","article_published_time":"2022-12-10T17:31:26+00:00","article_modified_time":"2025-03-11T17:42:20+00:00","og_image":[{"width":420,"height":420,"url":"https:\/\/adeashr.com\/wp-content\/uploads\/2022\/12\/Agenda_empleo-Adeashr-.jpeg","type":"image\/jpeg"}],"author":"s.bascon","twitter_card":"summary_large_image","twitter_misc":{"Escrit per":"s.bascon","Temps estimat de lectura":"4 minuts"},"schema":{"@context":"https:\/\/schema.org","@graph":[{"@type":"Article","@id":"https:\/\/adeashr.com\/ca\/que-es-una-agenda-de-busqueda-de-empleo-y-como-elaborarla\/#article","isPartOf":{"@id":"https:\/\/adeashr.com\/ca\/que-es-una-agenda-de-busqueda-de-empleo-y-como-elaborarla\/"},"author":{"name":"s.bascon","@id":"https:\/\/adeashr.com\/#\/schema\/person\/48c1402eeda51ac1b12b0a018bef04fb"},"headline":"Qu\u00e9 es una agenda de b\u00fasqueda de empleo y c\u00f3mo elaborarla","datePublished":"2022-12-10T17:31:26+00:00","dateModified":"2025-03-11T17:42:20+00:00","mainEntityOfPage":{"@id":"https:\/\/adeashr.com\/ca\/que-es-una-agenda-de-busqueda-de-empleo-y-como-elaborarla\/"},"wordCount":767,"image":{"@id":"https:\/\/adeashr.com\/ca\/que-es-una-agenda-de-busqueda-de-empleo-y-como-elaborarla\/#primaryimage"},"thumbnailUrl":"https:\/\/adeashr.com\/wp-content\/uploads\/2022\/12\/Agenda_empleo-Adeashr-.jpeg","articleSection":["Blog"],"inLanguage":"ca"},{"@type":"WebPage","@id":"https:\/\/adeashr.com\/ca\/que-es-una-agenda-de-busqueda-de-empleo-y-como-elaborarla\/","url":"https:\/\/adeashr.com\/ca\/que-es-una-agenda-de-busqueda-de-empleo-y-como-elaborarla\/","name":"\u00bfQu\u00e9 es una agenda de b\u00fasqueda de empleo? Adeas Hr","isPartOf":{"@id":"https:\/\/adeashr.com\/#website"},"primaryImageOfPage":{"@id":"https:\/\/adeashr.com\/ca\/que-es-una-agenda-de-busqueda-de-empleo-y-como-elaborarla\/#primaryimage"},"image":{"@id":"https:\/\/adeashr.com\/ca\/que-es-una-agenda-de-busqueda-de-empleo-y-como-elaborarla\/#primaryimage"},"thumbnailUrl":"https:\/\/adeashr.com\/wp-content\/uploads\/2022\/12\/Agenda_empleo-Adeashr-.jpeg","datePublished":"2022-12-10T17:31:26+00:00","dateModified":"2025-03-11T17:42:20+00:00","author":{"@id":"https:\/\/adeashr.com\/#\/schema\/person\/48c1402eeda51ac1b12b0a018bef04fb"},"description":"\u00bfQu\u00e9 es una agenda de b\u00fasqueda de empleo? C\u00f3mo puedes elaborar tu agenda y utiliarla. \u00a1No te lo pierdas, te lo explicamos!","breadcrumb":{"@id":"https:\/\/adeashr.com\/ca\/que-es-una-agenda-de-busqueda-de-empleo-y-como-elaborarla\/#breadcrumb"},"inLanguage":"ca","potentialAction":[{"@type":"ReadAction","target":["https:\/\/adeashr.com\/ca\/que-es-una-agenda-de-busqueda-de-empleo-y-como-elaborarla\/"]}]},{"@type":"ImageObject","inLanguage":"ca","@id":"https:\/\/adeashr.com\/ca\/que-es-una-agenda-de-busqueda-de-empleo-y-como-elaborarla\/#primaryimage","url":"https:\/\/adeashr.com\/wp-content\/uploads\/2022\/12\/Agenda_empleo-Adeashr-.jpeg","contentUrl":"https:\/\/adeashr.com\/wp-content\/uploads\/2022\/12\/Agenda_empleo-Adeashr-.jpeg","width":420,"height":420,"caption":"Agenda busqueda empleo Adeas Hr"},{"@type":"BreadcrumbList","@id":"https:\/\/adeashr.com\/ca\/que-es-una-agenda-de-busqueda-de-empleo-y-como-elaborarla\/#breadcrumb","itemListElement":[{"@type":"ListItem","position":1,"name":"Portada","item":"https:\/\/adeashr.com\/ca\/"},{"@type":"ListItem","position":2,"name":"Qu\u00e9 es una agenda de b\u00fasqueda de empleo y c\u00f3mo elaborarla"}]},{"@type":"WebSite","@id":"https:\/\/adeashr.com\/#website","url":"https:\/\/adeashr.com\/","name":"Adeas HR","description":"Recursos Humanos","potentialAction":[{"@type":"SearchAction","target":{"@type":"EntryPoint","urlTemplate":"https:\/\/adeashr.com\/?s={search_term_string}"},"query-input":{"@type":"PropertyValueSpecification","valueRequired":true,"valueName":"search_term_string"}}],"inLanguage":"ca"},{"@type":"Person","@id":"https:\/\/adeashr.com\/#\/schema\/person\/48c1402eeda51ac1b12b0a018bef04fb","name":"s.bascon","image":{"@type":"ImageObject","inLanguage":"ca","@id":"https:\/\/adeashr.com\/#\/schema\/person\/image\/","url":"https:\/\/secure.gravatar.com\/avatar\/e8dab0ac617b31013790aba77d3585a0fc0040d861b8f20b54660334fea26d66?s=96&d=mm&r=g","contentUrl":"https:\/\/secure.gravatar.com\/avatar\/e8dab0ac617b31013790aba77d3585a0fc0040d861b8f20b54660334fea26d66?s=96&d=mm&r=g","caption":"s.bascon"},"url":"https:\/\/adeashr.com\/ca\/author\/s-bascon\/"}]}},"_links":{"self":[{"href":"https:\/\/adeashr.com\/ca\/wp-json\/wp\/v2\/posts\/7279","targetHints":{"allow":["GET"]}}],"collection":[{"href":"https:\/\/adeashr.com\/ca\/wp-json\/wp\/v2\/posts"}],"about":[{"href":"https:\/\/adeashr.com\/ca\/wp-json\/wp\/v2\/types\/post"}],"author":[{"embeddable":true,"href":"https:\/\/adeashr.com\/ca\/wp-json\/wp\/v2\/users\/2"}],"replies":[{"embeddable":true,"href":"https:\/\/adeashr.com\/ca\/wp-json\/wp\/v2\/comments?post=7279"}],"version-history":[{"count":1,"href":"https:\/\/adeashr.com\/ca\/wp-json\/wp\/v2\/posts\/7279\/revisions"}],"predecessor-version":[{"id":7281,"href":"https:\/\/adeashr.com\/ca\/wp-json\/wp\/v2\/posts\/7279\/revisions\/7281"}],"wp:featuredmedia":[{"embeddable":true,"href":"https:\/\/adeashr.com\/ca\/wp-json\/wp\/v2\/media\/7300"}],"wp:attachment":[{"href":"https:\/\/adeashr.com\/ca\/wp-json\/wp\/v2\/media?parent=7279"}],"wp:term":[{"taxonomy":"category","embeddable":true,"href":"https:\/\/adeashr.com\/ca\/wp-json\/wp\/v2\/categories?post=7279"},{"taxonomy":"post_tag","embeddable":true,"href":"https:\/\/adeashr.com\/ca\/wp-json\/wp\/v2\/tags?post=7279"}],"curies":[{"name":"wp","href":"https:\/\/api.w.org\/{rel}","templated":true}]}}