{"id":7243,"date":"2022-06-03T17:40:32","date_gmt":"2022-06-03T15:40:32","guid":{"rendered":"https:\/\/adeashr.com\/diversidad-equidad-e-inclusion-en-las-empresas\/"},"modified":"2025-03-11T18:42:48","modified_gmt":"2025-03-11T17:42:48","slug":"diversidad-equidad-e-inclusion-en-las-empresas","status":"publish","type":"post","link":"https:\/\/adeashr.com\/ca\/diversidad-equidad-e-inclusion-en-las-empresas\/","title":{"rendered":"Diversidad, equidad e inclusi\u00f3n en las empresas"},"content":{"rendered":"<div class=\"wpb-content-wrapper\"><p>[vc_row][vc_column][vc_single_image image=&#8221;6281&#8243; img_size=&#8221;full&#8221; alignment=&#8221;center&#8221;][\/vc_column][\/vc_row][vc_row][vc_column][vc_column_text]<\/p>\n<p style=\"text-align: justify;\"><strong>En el tejido empresarial se ha desatado un inter\u00e9s sin precedentes por impulsar y fomentar la diversidad, equidad e inclusi\u00f3n. Las empresas han tenido un impacto tangible donando millones de euros para apoyar la justicia social ante lo vivido en estos tiempos.<\/strong><\/p>\n<p style=\"text-align: justify;\"><strong>La diversidad en la empresa impulsa la innovaci\u00f3n.<\/strong>\u00a0Las empresas diversas e inclusivas generan soluciones no convencionales y ofrecen m\u00e1s ideas, lo que aumenta la probabilidad de que ofrezcan productos y servicios ganadores y un mayor crecimiento a largo plazo. La clave del \u00e9xito es el compromiso social.<\/p>\n<p>[\/vc_column_text][vc_column_text]<\/p>\n<p style=\"text-align: justify;\"><strong>Diversidad, inclusi\u00f3n y equidad<\/strong>, son t\u00e9rminos que a menudo se confunden en el lugar de trabajo al usarse juntos, en lugar de por separado, pero son innegablemente importantes. Sin embargo, son tres conceptos diferentes que son fundamentales para la contrataci\u00f3n y la retenci\u00f3n de talentos. Puede ser dif\u00edcil entender las diferencias entre diversidad, inclusi\u00f3n y equidad. En este blog &#8211; post te ayudamos a comprender estos conceptos:<\/p>\n<p>[\/vc_column_text][\/vc_column][\/vc_row][vc_row][vc_column]<div id=\"ultimate-heading-406369f471b3e4339\" class=\"uvc-heading ult-adjust-bottom-margin ultimate-heading-406369f471b3e4339 uvc-9070 \" data-hspacer=\"no_spacer\"  data-halign=\"left\" style=\"text-align:left\"><div class=\"uvc-heading-spacer no_spacer\" style=\"top\"><\/div><div class=\"uvc-main-heading ult-responsive\"  data-ultimate-target='.uvc-heading.ultimate-heading-406369f471b3e4339 h2'  data-responsive-json-new='{\"font-size\":\"desktop:22px;\",\"line-height\":\"\"}' ><h2 style=\"font-weight:bold;color:#2680c5;margin-bottom:20px;\">\u00bfQu\u00e9 es la diversidad?<\/h2><\/div><\/div>[vc_column_text]<strong>RAE<\/strong><br \/>\nDiversidad<br \/>\nDel lat. divers\u012dtas, -\u0101tis.<br \/>\n<strong>1.<\/strong>\u00a0f. Variedad, desemejanza, diferencia.<br \/>\n<strong>2.<\/strong>\u00a0f. Abundancia, gran cantidad de varias cosas distintas.<\/p>\n<p style=\"text-align: justify;\">Antes de empezar, aclaremos algo importante: una persona no es \u201cdiversa\u201d y no existe un empleado o candidato para trabajar en la empresa \u201cdiverso\u201d. No podemos decir que \u201cfulanito\u201d o \u201cmenganito\u201d es una persona \u201cdiversa\u201d, esto tendr\u00eda sentido si fu\u00e9ramos todos iguales, pero resulta que no lo somos.<\/p>\n<p>[\/vc_column_text][\/vc_column][\/vc_row][vc_row][vc_column]<div id=\"ultimate-heading-120469f471b3e43e8\" class=\"uvc-heading ult-adjust-bottom-margin ultimate-heading-120469f471b3e43e8 uvc-5149 \" data-hspacer=\"no_spacer\"  data-halign=\"left\" style=\"text-align:left\"><div class=\"uvc-heading-spacer no_spacer\" style=\"top\"><\/div><div class=\"uvc-main-heading ult-responsive\"  data-ultimate-target='.uvc-heading.ultimate-heading-120469f471b3e43e8 h2'  data-responsive-json-new='{\"font-size\":\"desktop:22px;\",\"line-height\":\"\"}' ><h2 style=\"font-weight:bold;color:#2680c5;margin-bottom:20px;\">\u00bfQu\u00e9 te viene a la mente cuando piensas en diversidad? <\/h2><\/div><\/div>[vc_column_text]<\/p>\n<p style=\"text-align: justify;\">Las primeras cosas en las que la gente suele pensar son factores como la igualdad de g\u00e9nero, diversidad racial, LGTB, personas con discapacidad, la edad, los antecedentes culturales, etc. Ser diferente no sucede de repente. Siempre hemos sido diferentes. Lo que se ha vuelto importante hoy es una conversaci\u00f3n sobre estas diferencias. Hay una comprensi\u00f3n cada vez mayor en el lugar de trabajo: es importante reconocer las diferencias de los dem\u00e1s.<\/p>\n<p style=\"text-align: justify;\">La diversidad es un concepto relacional. Se manifiesta en la composici\u00f3n de equipos y organizaciones, y se mide en base a un todo colectivo. Cuando hablamos de diversidad en la empresa, nos enfocamos principalmente en respetar y apreciar lo que hace que los empleados sean diferentes. Porque cada empleado trae consigo un conjunto diferente de perspectivas, pensamientos, creencias e ideas que ayudan a los empleadores a tener diferentes puntos de vista sobre los diversos desaf\u00edos y oportunidades comerciales.<\/p>\n<p>[\/vc_column_text][\/vc_column][\/vc_row][vc_row][vc_column]<div id=\"ultimate-heading-915069f471b3e446d\" class=\"uvc-heading ult-adjust-bottom-margin ultimate-heading-915069f471b3e446d uvc-2680 \" data-hspacer=\"no_spacer\"  data-halign=\"left\" style=\"text-align:left\"><div class=\"uvc-heading-spacer no_spacer\" style=\"top\"><\/div><div class=\"uvc-main-heading ult-responsive\"  data-ultimate-target='.uvc-heading.ultimate-heading-915069f471b3e446d h2'  data-responsive-json-new='{\"font-size\":\"desktop:22px;\",\"line-height\":\"\"}' ><h2 style=\"font-weight:bold;color:#2680c5;margin-bottom:20px;\">\u00bfQu\u00e9 es la inclusi\u00f3n?<\/h2><\/div><\/div>[vc_column_text]<strong>RAE<\/strong><br \/>\nInclusi\u00f3n<br \/>\nDel lat. inclusio, -\u014dnis.<br \/>\n<strong>1.<\/strong>\u00a0f. Acci\u00f3n y efecto de incluir.<br \/>\n<strong>2.<\/strong>\u00a0f. p. us. Conexi\u00f3n o amistad de alguien con otra persona.<\/p>\n<p style=\"text-align: justify;\">Una empresa puede ser diversa sin ser inclusiva porque la inclusi\u00f3n no es una consecuencia natural de un equipo u organizaci\u00f3n diverso. La inclusi\u00f3n se relaciona con la calidad de la experiencia humana.<\/p>\n<p>[\/vc_column_text][\/vc_column][\/vc_row][vc_row][vc_column]<div id=\"ultimate-heading-312169f471b3e44f8\" class=\"uvc-heading ult-adjust-bottom-margin ultimate-heading-312169f471b3e44f8 uvc-6433 \" data-hspacer=\"no_spacer\"  data-halign=\"left\" style=\"text-align:left\"><div class=\"uvc-heading-spacer no_spacer\" style=\"top\"><\/div><div class=\"uvc-main-heading ult-responsive\"  data-ultimate-target='.uvc-heading.ultimate-heading-312169f471b3e44f8 h2'  data-responsive-json-new='{\"font-size\":\"desktop:22px;\",\"line-height\":\"\"}' ><h2 style=\"font-weight:bold;color:#2680c5;margin-bottom:20px;\">\u00bfQuieres saber si tu empresa da importancia a la inclusi\u00f3n laboral o si no lo hace? <\/h2><\/div><\/div>[vc_column_text]<\/p>\n<p style=\"text-align: justify;\">Muchas personas no tienen claro la definici\u00f3n de inclusi\u00f3n, y mucho menos la de inclusi\u00f3n laboral. \u201c<strong>La inclusi\u00f3n laboral significa ofrecer trabajo de forma activa a las personas con discapacidad<\/strong>, dejando atr\u00e1s la discriminaci\u00f3n, e intentando que las vidas de estos trabajadores se normalicen en todos los \u00e1mbitos.\u201d<\/p>\n<p style=\"text-align: justify;\">Pero la inclusi\u00f3n no se limita a las personas con cualquier tipo de discapacidad, la inclusi\u00f3n tiene que ver con las minor\u00edas en general. Una empresa no puede permitirse el lujo de no ser competitivos hoy en d\u00eda, y una de las formas es captar el mayor n\u00famero de talento posible. Y cuando se trata de talento no puede haber exclusi\u00f3n.<\/p>\n<p style=\"text-align: justify;\">Un lugar de trabajo inclusivo valora a todos los empleados por sus fortalezas. Ofrece a los empleados pertenecientes a una minor\u00eda o con discapacidades, ya sean visibles o invisibles, la misma oportunidad de tener \u00e9xito, aprender, recibir una compensaci\u00f3n justa y avanzar. La verdadera inclusi\u00f3n consiste en aceptar la diferencia.<\/p>\n<p style=\"text-align: justify;\">La verdadera inclusi\u00f3n en el lugar de trabajo elimina las barreras, las discriminaciones y la intolerancia para garantizar que todos los empleados se sientan incluidos y apoyados.<\/p>\n<p>[\/vc_column_text][\/vc_column][\/vc_row][vc_row][vc_column]<div id=\"ultimate-heading-343969f471b3e4573\" class=\"uvc-heading ult-adjust-bottom-margin ultimate-heading-343969f471b3e4573 uvc-3923 \" data-hspacer=\"no_spacer\"  data-halign=\"left\" style=\"text-align:left\"><div class=\"uvc-heading-spacer no_spacer\" style=\"top\"><\/div><div class=\"uvc-main-heading ult-responsive\"  data-ultimate-target='.uvc-heading.ultimate-heading-343969f471b3e4573 h2'  data-responsive-json-new='{\"font-size\":\"desktop:22px;\",\"line-height\":\"\"}' ><h2 style=\"font-weight:bold;color:#2680c5;margin-bottom:20px;\">\u00bfQu\u00e9 diferencia hay entre diversidad e inclusi\u00f3n?<\/h2><\/div><\/div>[vc_column_text]<\/p>\n<p style=\"text-align: justify;\">La diversidad es el\u00a0<strong>QU\u00c9<\/strong>, la inclusi\u00f3n es el\u00a0<strong>C\u00d3MO<\/strong>. La diversidad se centra en la composici\u00f3n de tu fuerza laboral: atrae a diferentes personas al mismo territorio (<em>datos demogr\u00e1ficos como g\u00e9nero, raza, etnia, edad, orientaci\u00f3n sexual, trasfondo cultural, religi\u00f3n, etc.<\/em>), y la inclusi\u00f3n es la puesta en marcha de una acci\u00f3n que permite que la diversidad prospere. La inclusi\u00f3n, por otro lado, incluye los esfuerzos organizacionales para hacer que los empleados de todos los or\u00edgenes se sientan bienvenidos y tratados por igual.<\/p>\n<p>La diversidad es el\u00a0<strong>QU\u00c9,<\/strong><\/p>\n<p>La inclusi\u00f3n es el\u00a0<strong>C\u00d3MO.<\/strong>[\/vc_column_text][\/vc_column][\/vc_row][vc_row][vc_column]<div id=\"ultimate-heading-37469f471b3e45eb\" class=\"uvc-heading ult-adjust-bottom-margin ultimate-heading-37469f471b3e45eb uvc-7650 \" data-hspacer=\"no_spacer\"  data-halign=\"left\" style=\"text-align:left\"><div class=\"uvc-heading-spacer no_spacer\" style=\"top\"><\/div><div class=\"uvc-main-heading ult-responsive\"  data-ultimate-target='.uvc-heading.ultimate-heading-37469f471b3e45eb h2'  data-responsive-json-new='{\"font-size\":\"desktop:22px;\",\"line-height\":\"\"}' ><h2 style=\"font-weight:bold;color:#2680c5;margin-bottom:20px;\">\u00bfQu\u00e9 es la equidad?<\/h2><\/div><\/div>[vc_column_text]<\/p>\n<p style=\"text-align: justify;\"><strong>RAE<\/strong>:<br \/>\nEquidad<br \/>\nDel lat. aequ\u012dtas, -\u0101tis.<br \/>\n<strong>1.<\/strong>\u00a0f. Igualdad de \u00e1nimo.<br \/>\n<strong>3.<\/strong>\u00a0f. Justicia natural, por oposici\u00f3n a la letra de la ley positiva.<br \/>\n<strong>5.<\/strong>\u00a0f. Disposici\u00f3n del \u00e1nimo que mueve a dar a cada uno lo que merece.<\/p>\n<p style=\"text-align: justify;\">Un rasgo diferenciador que tienen las peque\u00f1as empresas sobre las grandes es que, en virtud de su tama\u00f1o, es m\u00e1s f\u00e1cil construir y fomentar la equidad (<em>pensemos en m\u00e1s transparencia, en un grupo m\u00e1s unido, en menos separaci\u00f3n entre niveles jer\u00e1rquicos, etc.<\/em>). La Equidad es la base de un negocio saludable y sostenible, y es esencial para las relaciones afectivas con todas las personas que la defienden.<\/p>\n<p style=\"text-align: justify;\">La equidad en el lugar de trabajo consiste en respetar los derechos de todos los que trabajan con nosotros. No se trata de otra cosa que: respetar y promover los derechos humanos, sea cual sea su funci\u00f3n y estatus, en todos los lugares donde se trabaja y en todo lo que hacemos como empresarios dentro y fuera de la empresa.<\/p>\n<p style=\"text-align: justify;\">Cuando tratamos a todos los empleados por igual, \u201ctratamos a todos por igual\u201d, pero cuando tratamos a todos de manera equitativa, nos enfocamos en las necesidades individuales. En un lugar de trabajo diverso, existen diferencias y las personas necesitan apoyo de diferentes maneras. La equidad nos pide que reconozcamos que todos tienen necesidades, experiencias y oportunidades diferentes.<\/p>\n<p>[\/vc_column_text][\/vc_column][\/vc_row][vc_row][vc_column]<div id=\"ultimate-heading-459569f471b3e4661\" class=\"uvc-heading ult-adjust-bottom-margin ultimate-heading-459569f471b3e4661 uvc-1177 \" data-hspacer=\"no_spacer\"  data-halign=\"left\" style=\"text-align:left\"><div class=\"uvc-heading-spacer no_spacer\" style=\"top\"><\/div><div class=\"uvc-main-heading ult-responsive\"  data-ultimate-target='.uvc-heading.ultimate-heading-459569f471b3e4661 h2'  data-responsive-json-new='{\"font-size\":\"desktop:22px;\",\"line-height\":\"\"}' ><h2 style=\"font-weight:bold;color:#2680c5;margin-bottom:20px;\">5 claves para promover la diversidad dentro de tu empresa.<\/h2><\/div><\/div>[vc_column_text]<\/p>\n<p style=\"text-align: justify;\">Llevar a cabo pol\u00edticas inclusivas en una empresa aporta un valor a\u00f1adido que perciben tanto los trabajadores como el p\u00fablico objetivo. Entre las claves para promover la diversidad en la empresa, estas son las principales.<\/p>\n<ol>\n<li>\n<p style=\"text-align: justify;\"><strong>Relaci\u00f3n de la empresa con sus trabajadores<\/strong>:\u00a0La contrataci\u00f3n de personas pertenecientes a minor\u00edas debe ir acompa\u00f1ada de una buena relaci\u00f3n entre la propia empresa y el trabajador. Lo que buscamos es respetar a todas las personas que forman parte de nuestra empresa, haci\u00e9ndonos cargo de sus sensibilidades y necesidades.<\/p>\n<\/li>\n<li style=\"text-align: justify;\"><strong>Diversidad de talentos<\/strong>:\u00a0Una empresa inclusiva es una empresa que trabaja en base a diferentes talentos, todos ellos v\u00e1lidos para hacer frente a cualquier reto. Establecer prejuicios a la hora de contratar es un obst\u00e1culo para la propia empresa, que va a perder muchas oportunidades a la hora de incorporar talento.<\/li>\n<li style=\"text-align: justify;\"><strong>Elimina los prejuicios<\/strong>:\u00a0Olvida ideas preconcebidas a la hora de contratar. Vivimos en sociedades abiertas, inclusivas y compuestas por muchos puntos de vista, este ecosistema tambi\u00e9n puede ser trasladado a la empresa, con el objetivo de crear grupos de trabajo din\u00e1micos m\u00e1s creativos.<\/li>\n<li style=\"text-align: justify;\"><strong>Recurre a la inclusi\u00f3n social<\/strong>: Los grupos m\u00e1s desfavorecidos son los principales beneficiados de la inclusi\u00f3n social en el entorno laboral. Cualquier persona puede aportar sus capacidades para resultar \u00fatil a una empresa.<\/li>\n<li>\n<p style=\"text-align: justify;\"><strong>Empoderamiento<\/strong>: El empoderamiento como forma de adquirir independencia personal tambi\u00e9n viene dado por la empresa. Una persona empoderada es capaz de tomar decisiones y aportar decisiones eficaces en el entorno laboral.<\/p>\n<\/li>\n<\/ol>\n<p>[\/vc_column_text][\/vc_column][\/vc_row][vc_row][vc_column]<div id=\"ultimate-heading-68869f471b3e46d8\" class=\"uvc-heading ult-adjust-bottom-margin ultimate-heading-68869f471b3e46d8 uvc-5491 \" data-hspacer=\"no_spacer\"  data-halign=\"left\" style=\"text-align:left\"><div class=\"uvc-heading-spacer no_spacer\" style=\"top\"><\/div><div class=\"uvc-main-heading ult-responsive\"  data-ultimate-target='.uvc-heading.ultimate-heading-68869f471b3e46d8 h2'  data-responsive-json-new='{\"font-size\":\"desktop:22px;\",\"line-height\":\"\"}' ><h2 style=\"font-weight:bold;color:#2680c5;margin-bottom:20px;\">Beneficios de la diversidad y la inclusi\u00f3n en el lugar de trabajo.<\/h2><\/div><\/div>[vc_column_text]<\/p>\n<p style=\"text-align: justify;\">Las empresas deben concentrarse en asignar sus recursos y esfuerzos de capacitaci\u00f3n para atraer a los empleados adecuados con las mejores mentes, habilidades y experiencias.<\/p>\n<p style=\"text-align: justify;\">Un entorno diverso e inclusivo establece un sentido de pertenencia entre los empleados. Cuando los empleados se sienten m\u00e1s conectados en el trabajo, tienden a trabajar m\u00e1s duro e inteligentemente, produciendo un trabajo de mayor calidad.<\/p>\n<p style=\"text-align: justify;\">Los beneficios de la\u00a0<strong>diversidad cultural en la empresa<\/strong>\u00a0son los siguientes:<\/p>\n<ul>\n<li style=\"text-align: justify;\">Dado que la diversidad en el lugar de trabajo significa que los empleados tendr\u00e1n diferentes caracter\u00edsticas y antecedentes, disponiendo de diferentes puntos de vista a la hora de tomar decisiones.<\/li>\n<li style=\"text-align: justify;\">En consecuencia, los empleados de una empresa con mayor diversidad tendr\u00e1n acceso a una variedad de perspectivas diferentes, lo cual es muy beneficioso a la hora de planificar y ejecutar una estrategia empresarial.<\/li>\n<li style=\"text-align: justify;\">Un equipo diverso es un equipo m\u00e1s creativo. Las personas con diferentes antecedentes tienden a tener diferentes experiencias y, por lo tanto, diferentes perspectivas.<\/li>\n<li style=\"text-align: justify;\">La inclusi\u00f3n de minor\u00edas en la empresa te permite diferenciarte de la competencia.<\/li>\n<li style=\"text-align: justify;\">La inclusi\u00f3n fomenta el respeto y genera un clima laboral positivo.<\/li>\n<li style=\"text-align: justify;\">Un equipo diverso es una parte importante de nuestra responsabilidad social como empresa.<\/li>\n<li style=\"text-align: justify;\">Evitando prejuicios somos capaces de absorber talento para nuestra empresa.<\/li>\n<\/ul>\n<p>[\/vc_column_text][\/vc_column][\/vc_row]<\/p>\n<\/div>","protected":false},"excerpt":{"rendered":"<p>Nulla a velit quis ex ornare rhoncus. Donec imperdiet risus justo, vel malesuada erat fermentum at. Morbi at laoreet mauris. Mauris lorem felis, gravida et vehicula congue, tempus vel justo.<\/p>\n","protected":false},"author":2,"featured_media":7247,"comment_status":"closed","ping_status":"closed","sticky":false,"template":"","format":"standard","meta":{"footnotes":""},"categories":[58],"tags":[],"class_list":["post-7243","post","type-post","status-publish","format-standard","has-post-thumbnail","hentry","category-blog-ca","category-58","description-off"],"yoast_head":"<!-- This site is optimized with the Yoast SEO plugin v27.1.1 - https:\/\/yoast.com\/product\/yoast-seo-wordpress\/ -->\n<title>Diversidad, equidad e inclusi\u00f3n en las empresas -Adeas Hr-<\/title>\n<meta name=\"description\" content=\"Diversidad, equidad e inclusi\u00f3n en las empresas. En la busca de innovaci\u00f3n para las empresas . \u00a1Cons\u00faltanos!\" \/>\n<meta name=\"robots\" content=\"index, follow, max-snippet:-1, max-image-preview:large, max-video-preview:-1\" \/>\n<link rel=\"canonical\" href=\"https:\/\/adeashr.com\/ca\/diversidad-equidad-e-inclusion-en-las-empresas\/\" \/>\n<meta property=\"og:locale\" content=\"ca_ES\" \/>\n<meta property=\"og:type\" content=\"article\" \/>\n<meta property=\"og:title\" content=\"Diversidad, equidad e inclusi\u00f3n en las empresas -Adeas Hr-\" \/>\n<meta property=\"og:description\" content=\"Diversidad, equidad e inclusi\u00f3n en las empresas. En la busca de innovaci\u00f3n para las empresas . \u00a1Cons\u00faltanos!\" \/>\n<meta property=\"og:url\" content=\"https:\/\/adeashr.com\/ca\/diversidad-equidad-e-inclusion-en-las-empresas\/\" \/>\n<meta property=\"og:site_name\" content=\"Adeas RH\" \/>\n<meta property=\"article:published_time\" content=\"2022-06-03T15:40:32+00:00\" \/>\n<meta property=\"article:modified_time\" content=\"2025-03-11T17:42:48+00:00\" \/>\n<meta property=\"og:image\" content=\"https:\/\/adeashr.com\/wp-content\/uploads\/2022\/06\/diversidad.jpeg\" \/>\n\t<meta property=\"og:image:width\" content=\"420\" \/>\n\t<meta property=\"og:image:height\" content=\"420\" \/>\n\t<meta property=\"og:image:type\" content=\"image\/jpeg\" \/>\n<meta name=\"author\" content=\"s.bascon\" \/>\n<meta name=\"twitter:card\" content=\"summary_large_image\" \/>\n<meta name=\"twitter:label1\" content=\"Escrit per\" \/>\n\t<meta name=\"twitter:data1\" content=\"s.bascon\" \/>\n\t<meta name=\"twitter:label2\" content=\"Temps estimat de lectura\" \/>\n\t<meta name=\"twitter:data2\" content=\"8 minuts\" \/>\n<script type=\"application\/ld+json\" class=\"yoast-schema-graph\">{\"@context\":\"https:\/\/schema.org\",\"@graph\":[{\"@type\":\"Article\",\"@id\":\"https:\/\/adeashr.com\/ca\/diversidad-equidad-e-inclusion-en-las-empresas\/#article\",\"isPartOf\":{\"@id\":\"https:\/\/adeashr.com\/ca\/diversidad-equidad-e-inclusion-en-las-empresas\/\"},\"author\":{\"name\":\"s.bascon\",\"@id\":\"https:\/\/adeashr.com\/#\/schema\/person\/48c1402eeda51ac1b12b0a018bef04fb\"},\"headline\":\"Diversidad, equidad e inclusi\u00f3n en las empresas\",\"datePublished\":\"2022-06-03T15:40:32+00:00\",\"dateModified\":\"2025-03-11T17:42:48+00:00\",\"mainEntityOfPage\":{\"@id\":\"https:\/\/adeashr.com\/ca\/diversidad-equidad-e-inclusion-en-las-empresas\/\"},\"wordCount\":1957,\"image\":{\"@id\":\"https:\/\/adeashr.com\/ca\/diversidad-equidad-e-inclusion-en-las-empresas\/#primaryimage\"},\"thumbnailUrl\":\"https:\/\/adeashr.com\/wp-content\/uploads\/2022\/06\/diversidad.jpeg\",\"articleSection\":[\"Blog\"],\"inLanguage\":\"ca\"},{\"@type\":\"WebPage\",\"@id\":\"https:\/\/adeashr.com\/ca\/diversidad-equidad-e-inclusion-en-las-empresas\/\",\"url\":\"https:\/\/adeashr.com\/ca\/diversidad-equidad-e-inclusion-en-las-empresas\/\",\"name\":\"Diversidad, equidad e inclusi\u00f3n en las empresas -Adeas Hr-\",\"isPartOf\":{\"@id\":\"https:\/\/adeashr.com\/#website\"},\"primaryImageOfPage\":{\"@id\":\"https:\/\/adeashr.com\/ca\/diversidad-equidad-e-inclusion-en-las-empresas\/#primaryimage\"},\"image\":{\"@id\":\"https:\/\/adeashr.com\/ca\/diversidad-equidad-e-inclusion-en-las-empresas\/#primaryimage\"},\"thumbnailUrl\":\"https:\/\/adeashr.com\/wp-content\/uploads\/2022\/06\/diversidad.jpeg\",\"datePublished\":\"2022-06-03T15:40:32+00:00\",\"dateModified\":\"2025-03-11T17:42:48+00:00\",\"author\":{\"@id\":\"https:\/\/adeashr.com\/#\/schema\/person\/48c1402eeda51ac1b12b0a018bef04fb\"},\"description\":\"Diversidad, equidad e inclusi\u00f3n en las empresas. En la busca de innovaci\u00f3n para las empresas . \u00a1Cons\u00faltanos!\",\"breadcrumb\":{\"@id\":\"https:\/\/adeashr.com\/ca\/diversidad-equidad-e-inclusion-en-las-empresas\/#breadcrumb\"},\"inLanguage\":\"ca\",\"potentialAction\":[{\"@type\":\"ReadAction\",\"target\":[\"https:\/\/adeashr.com\/ca\/diversidad-equidad-e-inclusion-en-las-empresas\/\"]}]},{\"@type\":\"ImageObject\",\"inLanguage\":\"ca\",\"@id\":\"https:\/\/adeashr.com\/ca\/diversidad-equidad-e-inclusion-en-las-empresas\/#primaryimage\",\"url\":\"https:\/\/adeashr.com\/wp-content\/uploads\/2022\/06\/diversidad.jpeg\",\"contentUrl\":\"https:\/\/adeashr.com\/wp-content\/uploads\/2022\/06\/diversidad.jpeg\",\"width\":420,\"height\":420,\"caption\":\"Diversidad Adea Hr\"},{\"@type\":\"BreadcrumbList\",\"@id\":\"https:\/\/adeashr.com\/ca\/diversidad-equidad-e-inclusion-en-las-empresas\/#breadcrumb\",\"itemListElement\":[{\"@type\":\"ListItem\",\"position\":1,\"name\":\"Portada\",\"item\":\"https:\/\/adeashr.com\/ca\/\"},{\"@type\":\"ListItem\",\"position\":2,\"name\":\"Diversidad, equidad e inclusi\u00f3n en las empresas\"}]},{\"@type\":\"WebSite\",\"@id\":\"https:\/\/adeashr.com\/#website\",\"url\":\"https:\/\/adeashr.com\/\",\"name\":\"Adeas HR\",\"description\":\"Recursos Humanos\",\"potentialAction\":[{\"@type\":\"SearchAction\",\"target\":{\"@type\":\"EntryPoint\",\"urlTemplate\":\"https:\/\/adeashr.com\/?s={search_term_string}\"},\"query-input\":{\"@type\":\"PropertyValueSpecification\",\"valueRequired\":true,\"valueName\":\"search_term_string\"}}],\"inLanguage\":\"ca\"},{\"@type\":\"Person\",\"@id\":\"https:\/\/adeashr.com\/#\/schema\/person\/48c1402eeda51ac1b12b0a018bef04fb\",\"name\":\"s.bascon\",\"image\":{\"@type\":\"ImageObject\",\"inLanguage\":\"ca\",\"@id\":\"https:\/\/adeashr.com\/#\/schema\/person\/image\/\",\"url\":\"https:\/\/secure.gravatar.com\/avatar\/e8dab0ac617b31013790aba77d3585a0fc0040d861b8f20b54660334fea26d66?s=96&d=mm&r=g\",\"contentUrl\":\"https:\/\/secure.gravatar.com\/avatar\/e8dab0ac617b31013790aba77d3585a0fc0040d861b8f20b54660334fea26d66?s=96&d=mm&r=g\",\"caption\":\"s.bascon\"},\"url\":\"https:\/\/adeashr.com\/ca\/author\/s-bascon\/\"}]}<\/script>\n<!-- \/ Yoast SEO plugin. -->","yoast_head_json":{"title":"Diversidad, equidad e inclusi\u00f3n en las empresas -Adeas Hr-","description":"Diversidad, equidad e inclusi\u00f3n en las empresas. En la busca de innovaci\u00f3n para las empresas . \u00a1Cons\u00faltanos!","robots":{"index":"index","follow":"follow","max-snippet":"max-snippet:-1","max-image-preview":"max-image-preview:large","max-video-preview":"max-video-preview:-1"},"canonical":"https:\/\/adeashr.com\/ca\/diversidad-equidad-e-inclusion-en-las-empresas\/","og_locale":"ca_ES","og_type":"article","og_title":"Diversidad, equidad e inclusi\u00f3n en las empresas -Adeas Hr-","og_description":"Diversidad, equidad e inclusi\u00f3n en las empresas. En la busca de innovaci\u00f3n para las empresas . \u00a1Cons\u00faltanos!","og_url":"https:\/\/adeashr.com\/ca\/diversidad-equidad-e-inclusion-en-las-empresas\/","og_site_name":"Adeas RH","article_published_time":"2022-06-03T15:40:32+00:00","article_modified_time":"2025-03-11T17:42:48+00:00","og_image":[{"width":420,"height":420,"url":"https:\/\/adeashr.com\/wp-content\/uploads\/2022\/06\/diversidad.jpeg","type":"image\/jpeg"}],"author":"s.bascon","twitter_card":"summary_large_image","twitter_misc":{"Escrit per":"s.bascon","Temps estimat de lectura":"8 minuts"},"schema":{"@context":"https:\/\/schema.org","@graph":[{"@type":"Article","@id":"https:\/\/adeashr.com\/ca\/diversidad-equidad-e-inclusion-en-las-empresas\/#article","isPartOf":{"@id":"https:\/\/adeashr.com\/ca\/diversidad-equidad-e-inclusion-en-las-empresas\/"},"author":{"name":"s.bascon","@id":"https:\/\/adeashr.com\/#\/schema\/person\/48c1402eeda51ac1b12b0a018bef04fb"},"headline":"Diversidad, equidad e inclusi\u00f3n en las empresas","datePublished":"2022-06-03T15:40:32+00:00","dateModified":"2025-03-11T17:42:48+00:00","mainEntityOfPage":{"@id":"https:\/\/adeashr.com\/ca\/diversidad-equidad-e-inclusion-en-las-empresas\/"},"wordCount":1957,"image":{"@id":"https:\/\/adeashr.com\/ca\/diversidad-equidad-e-inclusion-en-las-empresas\/#primaryimage"},"thumbnailUrl":"https:\/\/adeashr.com\/wp-content\/uploads\/2022\/06\/diversidad.jpeg","articleSection":["Blog"],"inLanguage":"ca"},{"@type":"WebPage","@id":"https:\/\/adeashr.com\/ca\/diversidad-equidad-e-inclusion-en-las-empresas\/","url":"https:\/\/adeashr.com\/ca\/diversidad-equidad-e-inclusion-en-las-empresas\/","name":"Diversidad, equidad e inclusi\u00f3n en las empresas -Adeas Hr-","isPartOf":{"@id":"https:\/\/adeashr.com\/#website"},"primaryImageOfPage":{"@id":"https:\/\/adeashr.com\/ca\/diversidad-equidad-e-inclusion-en-las-empresas\/#primaryimage"},"image":{"@id":"https:\/\/adeashr.com\/ca\/diversidad-equidad-e-inclusion-en-las-empresas\/#primaryimage"},"thumbnailUrl":"https:\/\/adeashr.com\/wp-content\/uploads\/2022\/06\/diversidad.jpeg","datePublished":"2022-06-03T15:40:32+00:00","dateModified":"2025-03-11T17:42:48+00:00","author":{"@id":"https:\/\/adeashr.com\/#\/schema\/person\/48c1402eeda51ac1b12b0a018bef04fb"},"description":"Diversidad, equidad e inclusi\u00f3n en las empresas. En la busca de innovaci\u00f3n para las empresas . \u00a1Cons\u00faltanos!","breadcrumb":{"@id":"https:\/\/adeashr.com\/ca\/diversidad-equidad-e-inclusion-en-las-empresas\/#breadcrumb"},"inLanguage":"ca","potentialAction":[{"@type":"ReadAction","target":["https:\/\/adeashr.com\/ca\/diversidad-equidad-e-inclusion-en-las-empresas\/"]}]},{"@type":"ImageObject","inLanguage":"ca","@id":"https:\/\/adeashr.com\/ca\/diversidad-equidad-e-inclusion-en-las-empresas\/#primaryimage","url":"https:\/\/adeashr.com\/wp-content\/uploads\/2022\/06\/diversidad.jpeg","contentUrl":"https:\/\/adeashr.com\/wp-content\/uploads\/2022\/06\/diversidad.jpeg","width":420,"height":420,"caption":"Diversidad Adea Hr"},{"@type":"BreadcrumbList","@id":"https:\/\/adeashr.com\/ca\/diversidad-equidad-e-inclusion-en-las-empresas\/#breadcrumb","itemListElement":[{"@type":"ListItem","position":1,"name":"Portada","item":"https:\/\/adeashr.com\/ca\/"},{"@type":"ListItem","position":2,"name":"Diversidad, equidad e inclusi\u00f3n en las empresas"}]},{"@type":"WebSite","@id":"https:\/\/adeashr.com\/#website","url":"https:\/\/adeashr.com\/","name":"Adeas HR","description":"Recursos Humanos","potentialAction":[{"@type":"SearchAction","target":{"@type":"EntryPoint","urlTemplate":"https:\/\/adeashr.com\/?s={search_term_string}"},"query-input":{"@type":"PropertyValueSpecification","valueRequired":true,"valueName":"search_term_string"}}],"inLanguage":"ca"},{"@type":"Person","@id":"https:\/\/adeashr.com\/#\/schema\/person\/48c1402eeda51ac1b12b0a018bef04fb","name":"s.bascon","image":{"@type":"ImageObject","inLanguage":"ca","@id":"https:\/\/adeashr.com\/#\/schema\/person\/image\/","url":"https:\/\/secure.gravatar.com\/avatar\/e8dab0ac617b31013790aba77d3585a0fc0040d861b8f20b54660334fea26d66?s=96&d=mm&r=g","contentUrl":"https:\/\/secure.gravatar.com\/avatar\/e8dab0ac617b31013790aba77d3585a0fc0040d861b8f20b54660334fea26d66?s=96&d=mm&r=g","caption":"s.bascon"},"url":"https:\/\/adeashr.com\/ca\/author\/s-bascon\/"}]}},"_links":{"self":[{"href":"https:\/\/adeashr.com\/ca\/wp-json\/wp\/v2\/posts\/7243","targetHints":{"allow":["GET"]}}],"collection":[{"href":"https:\/\/adeashr.com\/ca\/wp-json\/wp\/v2\/posts"}],"about":[{"href":"https:\/\/adeashr.com\/ca\/wp-json\/wp\/v2\/types\/post"}],"author":[{"embeddable":true,"href":"https:\/\/adeashr.com\/ca\/wp-json\/wp\/v2\/users\/2"}],"replies":[{"embeddable":true,"href":"https:\/\/adeashr.com\/ca\/wp-json\/wp\/v2\/comments?post=7243"}],"version-history":[{"count":1,"href":"https:\/\/adeashr.com\/ca\/wp-json\/wp\/v2\/posts\/7243\/revisions"}],"predecessor-version":[{"id":7245,"href":"https:\/\/adeashr.com\/ca\/wp-json\/wp\/v2\/posts\/7243\/revisions\/7245"}],"wp:featuredmedia":[{"embeddable":true,"href":"https:\/\/adeashr.com\/ca\/wp-json\/wp\/v2\/media\/7247"}],"wp:attachment":[{"href":"https:\/\/adeashr.com\/ca\/wp-json\/wp\/v2\/media?parent=7243"}],"wp:term":[{"taxonomy":"category","embeddable":true,"href":"https:\/\/adeashr.com\/ca\/wp-json\/wp\/v2\/categories?post=7243"},{"taxonomy":"post_tag","embeddable":true,"href":"https:\/\/adeashr.com\/ca\/wp-json\/wp\/v2\/tags?post=7243"}],"curies":[{"name":"wp","href":"https:\/\/api.w.org\/{rel}","templated":true}]}}